{"id":3176,"date":"2025-05-24T22:32:36","date_gmt":"2025-05-24T20:32:36","guid":{"rendered":"https:\/\/dylagowka.przemyska.pl\/?p=3176"},"modified":"2025-05-24T22:32:36","modified_gmt":"2025-05-24T20:32:36","slug":"vi-niedziela-wielkanocy-25-05-2025","status":"publish","type":"post","link":"https:\/\/dylagowka.przemyska.pl\/index.php\/2025\/05\/24\/vi-niedziela-wielkanocy-25-05-2025\/","title":{"rendered":"VI Niedziela Wielkanocy 25.05.2025"},"content":{"rendered":"<ol>\n<li>Dzi\u015b po sumie spotkanie z ks. dziekanem klasy VIII.<\/li>\n<li>Dzi\u0119kuj\u0119 rodzicom m\u0142odzie\u017cy do bierzmowania z klasy VIII za dar o\u0142tarza \u2013 <strong>tron pod monstrancje<\/strong>.<\/li>\n<li>Dzi\u0119kuj\u0119 za ofiary w kopertach na remont ko\u015bcio\u0142a i tac\u0119 z III niedzieli.<\/li>\n<li>W tym tygodniu:<br \/>\n&#8211; w poniedzia\u0142ek, wtorek i \u015brod\u0119 przypadaj\u0105 dni modlitw o urodzaje(<span style=\"font-size: 1rem; color: #0000ff;\"><strong>Dni Krzy\u017cowe<\/strong><\/span><span style=\"font-size: 1rem;\">).<br \/>\n<\/span>&#8211; w poniedzia\u0142ek(26) wsp. obow. \u00a0\u015bw. Filipa Nereusza, prezbitera. <span style=\"color: #ff0000;\"><strong style=\"font-size: 1rem;\">W Polsce Dzie\u0144 Matki<\/strong><\/span><span style=\"font-size: 1rem;\">.<br \/>\n<\/span>&#8211; we wtorek b\u0142ogos\u0142awie\u0144stwo krzy\u017cy i odnowienie przyrzecze\u0144 abstynenckich dla kandydat\u00f3w do bierzmowania z klasy VIII.<br \/>\n&#8211; w \u015brod\u0119 (28) <span style=\"color: #800000;\"><strong>nabo\u017ce\u0144stwo majowe o godz. 17:30<\/strong><\/span> i <span style=\"color: #ff0000;\">Eucharystia z udzieleniem sakramentu bierzmowania o 18:00 pod przewodnictwem bp Krzysztofa Chudzio<\/span>.<br \/>\n&#8211; w pi\u0105tek pocz\u0105tek nowenny przed Uroczysto\u015bci\u0105 Zes\u0142ania Ducha \u015awi\u0119tego.<br \/>\n&#8211; w sobot\u0119(31) \u015awi\u0119to Nawiedzenia NMP. Zako\u0144czenie nabo\u017ce\u0144stw majowych, od przysz\u0142ej niedzieli rozpoczynamy nabo\u017ce\u0144stwa czerwcowe.<\/li>\n<li>Za tydzie\u0144 w niedziel\u0119 Uroczysto\u015b\u0107 Wniebowst\u0105pienia Pa\u0144skiego, w naszej Archidiecezji \u015bwi\u0119cenia diakonatu. Otoczmy modlitw\u0105 kandydat\u00f3w do \u015bwi\u0119ce\u0144. Taca na WSD w Przemy\u015blu.<\/li>\n<li>Dzi\u0119kuj\u0119 grupie sprz\u0105taj\u0105cej za przygotowanie ko\u015bcio\u0142a na dzisiejsz\u0105 liturgi\u0119 i za ofiar\u0119 <strong>150<\/strong> z\u0142 na potrzeby parafii, a o nowy dy\u017cur prosz\u0119: Wies\u0142awa Wr\u00f3bla, Krzysztofa Gliw\u0119, Ma\u0142gorzat\u0119 Jamrozik, Daniela Tadl\u0119, Karolin\u0119 Pelc.<\/li>\n<li>Zach\u0119cam do nabycia nowego numeru Tygodnika \u201dNiedziela\u201d i \u201eGo\u015bcia Niedzielnego\u201d.<\/li>\n<li>Wszystkim solenizantkom i solenizantom, kt\u00f3rzy \u015bwi\u0119tuj\u0105 swoje imieniny w rozpoczynaj\u0105cym si\u0119 tygodniu \u017cycz\u0119 b\u0142. Bo\u017cego i opieki Niepokalanego Serca M.B.<\/li>\n<li>Intencje Mszalne i og\u0142oszenia jak zwykle\u2026\n<p>Wszystkim \u017cycz\u0119 b\u0142ogos\u0142awionej Niedzieli i ca\u0142ego tygodnia<br \/>\nKs. Robert \u015awitalski<\/p>\n<p><strong><span style=\"color: #ff0000;\">Wycieczka do Rygi \u2013 Tallina \u2013 Helsinek &#8211; Sztokholmu<\/span><br \/>\n<\/strong>w dniach od 16.08.(w nocy) do 25.08. Cena 660 euro i 600 z\u0142. Przy zapisie zaliczka 300 euro. Codziennie Msza \u015bw. Zapisy u P. J\u00f3zefa Szmigla 17\u00a0229 54 16; lub 661\u00a0298\u00a0304.<\/li>\n<\/ol>\n ","protected":false},"excerpt":{"rendered":"<p>Dzi\u015b po sumie spotkanie z ks. dziekanem klasy VIII. Dzi\u0119kuj\u0119 rodzicom m\u0142odzie\u017cy do bierzmowania z klasy VIII za dar o\u0142tarza&hellip;<\/p>\n","protected":false},"author":2,"featured_media":0,"comment_status":"closed","ping_status":"open","sticky":true,"template":"","format":"standard","meta":{"footnotes":""},"categories":[1],"tags":[],"class_list":["post-3176","post","type-post","status-publish","format-standard","hentry","category-bez-kategorii"],"_links":{"self":[{"href":"https:\/\/dylagowka.przemyska.pl\/index.php\/wp-json\/wp\/v2\/posts\/3176","targetHints":{"allow":["GET"]}}],"collection":[{"href":"https:\/\/dylagowka.przemyska.pl\/index.php\/wp-json\/wp\/v2\/posts"}],"about":[{"href":"https:\/\/dylagowka.przemyska.pl\/index.php\/wp-json\/wp\/v2\/types\/post"}],"author":[{"embeddable":true,"href":"https:\/\/dylagowka.przemyska.pl\/index.php\/wp-json\/wp\/v2\/users\/2"}],"replies":[{"embeddable":true,"href":"https:\/\/dylagowka.przemyska.pl\/index.php\/wp-json\/wp\/v2\/comments?post=3176"}],"version-history":[{"count":0,"href":"https:\/\/dylagowka.przemyska.pl\/index.php\/wp-json\/wp\/v2\/posts\/3176\/revisions"}],"wp:attachment":[{"href":"https:\/\/dylagowka.przemyska.pl\/index.php\/wp-json\/wp\/v2\/media?parent=3176"}],"wp:term":[{"taxonomy":"category","embeddable":true,"href":"https:\/\/dylagowka.przemyska.pl\/index.php\/wp-json\/wp\/v2\/categories?post=3176"},{"taxonomy":"post_tag","embeddable":true,"href":"https:\/\/dylagowka.przemyska.pl\/index.php\/wp-json\/wp\/v2\/tags?post=3176"}],"curies":[{"name":"wp","href":"https:\/\/api.w.org\/{rel}","templated":true}]}}