{"id":3186,"date":"2025-06-01T00:12:00","date_gmt":"2025-05-31T22:12:00","guid":{"rendered":"https:\/\/dylagowka.przemyska.pl\/?p=3186"},"modified":"2025-06-01T06:27:02","modified_gmt":"2025-06-01T04:27:02","slug":"uroczystosc-wniebowstapienia-panskiego-1-06-2025","status":"publish","type":"post","link":"https:\/\/dylagowka.przemyska.pl\/index.php\/2025\/06\/01\/uroczystosc-wniebowstapienia-panskiego-1-06-2025\/","title":{"rendered":"Uroczysto\u015b\u0107 Wniebowst\u0105pienia Pa\u0144skiego 1.06.2025"},"content":{"rendered":"<ol>\n<li>Dzi\u015b Uroczysto\u015b\u0107 Wniebowst\u0105pienia Pa\u0144skiego, w naszej Archidiecezji \u015bwi\u0119cenia diakonatu. Otoczmy modlitw\u0105 nowo wy\u015bwi\u0119conych diakon\u00f3w. Jednocze\u015bnie I niedziela czerwca. Zmiana tajemnic r\u00f3\u017ca\u0144cowych po prymarii. Adoracja w ramach Mszy \u015bw. Taca na WSD w Przemy\u015blu. <span style=\"color: #800000;\">Mi\u0119dzy narodowy Dzie\u0144 Dziecka<\/span>.<\/li>\n<li>Ko\u015bci\u00f3\u0142 w Polsce otrzyma\u0142 nowych b\u0142ogos\u0142awionych:<span style=\"color: #ff0000;\"> <strong>B\u0142. Stanis\u0142aw Streich<\/strong> i <strong>B\u0142. <\/strong><strong>S. Krzysztofa Klomfass i XIV Towarzyszek ze Zgromadzenia Si\u00f3str \u015awi\u0119tej Katarzyny <\/strong><\/span>(Si\u00f3str Katarzynek).<\/li>\n<li>Dzi\u0119kuj\u0119 za ofiary w kopertach na remont ko\u015bcio\u0142a oraz za wp\u0142aty na konto.<\/li>\n<li>Trwa Nowenna przed Uroczysto\u015bci\u0105 Zes\u0142ania Ducha \u015awi\u0119tego.<\/li>\n<li>W tym tygodniu:<br \/>\n&#8211; <span style=\"color: #993300;\">w poniedzia\u0142ek(2) po nabo\u017ce\u0144stwie spotkanie dla rodzic\u00f3w lektor\u00f3w i ceremoniarzy.\u00a0<\/span><br \/>\n&#8211; we wtorek spotkanie grupy modlitewno-biblijnej po Mszy \u015bw.<br \/>\n&#8211; I czwartek czerwca, po Mszy \u015bw. i nabo\u017ce\u0144stwie <strong style=\"font-size: 1rem;\">Godzina \u015awi\u0119ta do 20:00<\/strong><span style=\"font-size: 1rem;\">.<br \/>\n<\/span>&#8211; I pi\u0105tek o 7: 00 Eucharystia w intencjach chorych i cierpi\u0105cych w parafii. Od 8:30 odwiedziny chorych w domach, a od 17:00 spowied\u017a po Mszy \u015bw. wieczornej nabo\u017ce\u0144stwo Pierwszopi\u0105tkowe.<br \/>\n&#8211; <span style=\"color: #008000;\"><strong style=\"font-size: 1rem;\">I sobota Wigilia Zes\u0142ania Ducha \u015awi\u0119tego<\/strong><\/span><span style=\"font-size: 1rem;\"><span style=\"font-size: 1rem;\">.<br \/>\n<\/span><\/span><span style=\"color: #ff0000;\"><strong style=\"font-size: 1rem;\">Plan czuwania:<br \/>\n<\/strong><\/span><strong style=\"font-size: 1rem;\">20:00 <\/strong><span style=\"font-size: 1rem;\">Pocz\u0105tek czuwania<br \/>\n<\/span><strong style=\"font-size: 1rem;\">21:00<\/strong><span style=\"font-size: 1rem;\"> Apel Jasnog\u00f3rski<br \/>\n<\/span><strong style=\"font-size: 1rem;\">21:15<\/strong><span style=\"font-size: 1rem;\"> Konferencja<br \/>\n<\/span><strong style=\"font-size: 1rem;\">21:45<\/strong><span style=\"font-size: 1rem;\"> Adoracja w ciszy<br \/>\n<\/span><strong style=\"font-size: 1rem;\">22:45<\/strong><span style=\"font-size: 1rem;\"> Czuwanie<br \/>\n<\/span><strong style=\"font-size: 1rem;\">24:00<\/strong><span style=\"font-size: 1rem;\"> Msza \u015bw. o Duchu \u015awi\u0119tym<\/span><\/li>\n<li>W sobot\u0119 w Przemy\u015blu w Bazylice Archikatedralnej \u015bwi\u0119cenia prezbiteratu.<\/li>\n<li><strong><span style=\"color: #ff0000;\">Nabo\u017ce\u0144stwa czerwcowe do NSPJ po Mszy wieczornej<\/span>.<\/strong><\/li>\n<li>Za tydzie\u0144 Uroczysto\u015b\u0107 Zes\u0142ania Ducha \u015awi\u0119tego \u2013 ko\u0144czy si\u0119 okres wielkanocny.<\/li>\n<li>Dzi\u0119kuj\u0119 grupie sprz\u0105taj\u0105cej za przygotowanie ko\u015bcio\u0142a na dzisiejsz\u0105 liturgi\u0119 i za ofiar\u0119 <strong>180<\/strong> z\u0142 na potrzeby parafii, a o nowy dy\u017cur prosz\u0119: Urszul\u0119 Rak, Sylwi\u0119 Dziak, Katarzyn\u0119 Spaczy\u0144sk\u0105, Katarzyn\u0119 Ro\u017cek, Jadwig\u0119 Depka.<\/li>\n<li><span style=\"color: #0000ff;\">Wyjazd od 16.08 do 25.08.br. do stolic Nadba\u0142tyckich odwo\u0142any ze wzgl\u0119dy na ma\u0142\u0105 ilo\u015b\u0107 os\u00f3b<\/span>.<\/li>\n<li>Wszystkim solenizantkom i solenizantom, jubilatom, jubilatkom, kt\u00f3rzy \u015bwi\u0119tuj\u0105 swoje imieniny lub jubileusze w rozpoczynaj\u0105cym si\u0119 tygodniu \u017cycz\u0119 b\u0142. Bo\u017cego i opieki Niepokalanego Serca M.B.<\/li>\n<li><span style=\"color: #008000;\"><strong>1. Lipca(wtorek) wybieramy si\u0119 z pielgrzymk\u0105 na Jasn\u0105 G\u00f3r\u0119 wyjazd w godzinach pooranych. Cena 110 z\u0142. Zapisy u Pana J\u00f3zefa<\/strong><\/span>.<\/li>\n<li>Intencje Mszalne i og\u0142oszenia jak zwykle\u2026\n<p>Wszystkim \u017cycz\u0119 b\u0142ogos\u0142awionej Niedzieli i ca\u0142ego tygodnia<br \/>\nKs. Robert \u015awitalski<span style=\"color: #993300;\"><strong><br \/>\nIntencje modlitewne dla R\u00f3\u017c R\u00f3\u017ca\u0144cowych na czerwiec:<br \/>\n<\/strong><\/span><strong>Og\u00f3lna:<\/strong> Aby ka\u017cdy z nas znalaz\u0142 pocieszenie w osobistej relacji z Jezusem i od Jego serca uczyli si\u0119 wsp\u00f3\u0142czucia dla \u015bwiata.<br \/>\n<strong>Diecezjalna:<\/strong> O dar licznych i dobrych powo\u0142a\u0144 kap\u0142a\u0144skich, zakonnych i misyjnych oraz<br \/>\no wierno\u015b\u0107 dla wszystkich kap\u0142an\u00f3w naszej Archidiecezji.<br \/>\n<strong>Parafialna: <\/strong><span style=\"color: #ff0000;\"><strong>o dobry i liczny udzia\u0142 w tegorocznych misjach parafialnych<\/strong><\/span>.<\/li>\n<\/ol>\n ","protected":false},"excerpt":{"rendered":"<p>Dzi\u015b Uroczysto\u015b\u0107 Wniebowst\u0105pienia Pa\u0144skiego, w naszej Archidiecezji \u015bwi\u0119cenia diakonatu. Otoczmy modlitw\u0105 nowo wy\u015bwi\u0119conych diakon\u00f3w. Jednocze\u015bnie I niedziela czerwca. Zmiana tajemnic&hellip;<\/p>\n","protected":false},"author":2,"featured_media":0,"comment_status":"closed","ping_status":"open","sticky":true,"template":"","format":"standard","meta":{"footnotes":""},"categories":[1],"tags":[],"class_list":["post-3186","post","type-post","status-publish","format-standard","hentry","category-bez-kategorii"],"_links":{"self":[{"href":"https:\/\/dylagowka.przemyska.pl\/index.php\/wp-json\/wp\/v2\/posts\/3186","targetHints":{"allow":["GET"]}}],"collection":[{"href":"https:\/\/dylagowka.przemyska.pl\/index.php\/wp-json\/wp\/v2\/posts"}],"about":[{"href":"https:\/\/dylagowka.przemyska.pl\/index.php\/wp-json\/wp\/v2\/types\/post"}],"author":[{"embeddable":true,"href":"https:\/\/dylagowka.przemyska.pl\/index.php\/wp-json\/wp\/v2\/users\/2"}],"replies":[{"embeddable":true,"href":"https:\/\/dylagowka.przemyska.pl\/index.php\/wp-json\/wp\/v2\/comments?post=3186"}],"version-history":[{"count":0,"href":"https:\/\/dylagowka.przemyska.pl\/index.php\/wp-json\/wp\/v2\/posts\/3186\/revisions"}],"wp:attachment":[{"href":"https:\/\/dylagowka.przemyska.pl\/index.php\/wp-json\/wp\/v2\/media?parent=3186"}],"wp:term":[{"taxonomy":"category","embeddable":true,"href":"https:\/\/dylagowka.przemyska.pl\/index.php\/wp-json\/wp\/v2\/categories?post=3186"},{"taxonomy":"post_tag","embeddable":true,"href":"https:\/\/dylagowka.przemyska.pl\/index.php\/wp-json\/wp\/v2\/tags?post=3186"}],"curies":[{"name":"wp","href":"https:\/\/api.w.org\/{rel}","templated":true}]}}