{"id":3195,"date":"2025-06-08T06:25:29","date_gmt":"2025-06-08T04:25:29","guid":{"rendered":"https:\/\/dylagowka.przemyska.pl\/?p=3195"},"modified":"2025-06-08T06:36:42","modified_gmt":"2025-06-08T04:36:42","slug":"uroczystosc-zeslania-ducha-swietego-8-06-2025","status":"publish","type":"post","link":"https:\/\/dylagowka.przemyska.pl\/index.php\/2025\/06\/08\/uroczystosc-zeslania-ducha-swietego-8-06-2025\/","title":{"rendered":"Uroczysto\u015b\u0107 Zes\u0142ania Ducha \u015awi\u0119tego 8.06.2025"},"content":{"rendered":"<ol>\n<li>Dzi\u0119kuj\u0119 Pani\u0105 Renacie i Ewie za dekoracj\u0119 okoliczno\u015bciow\u0105 na czuwanie przed Zes\u0142aniem Ducha \u015awi\u0119tego, i Pani Barbarze i Markowi za rozwa\u017canie i pie\u015bni.<\/li>\n<li>Dzi\u0119kuj\u0119 za ofiary w kopertach i wp\u0142aty na konto z okazji trzeciej niedzieli.<\/li>\n<li>W tym tygodniu:<br \/>\n&#8211; w poniedzia\u0142ek(9) \u015awi\u0119to NMP Matki Ko\u015bcio\u0142a. <strong style=\"font-size: 1rem;\"><span style=\"color: #ff0000;\">Msza \u015bw. o godz. 18:00<\/span>.<br \/>\n<\/strong>&#8211; w czwartek \u015bwi\u0119to Jezusa Chrystusa, Najwy\u017cszego i Wiecznego Kap\u0142ana. Modlimy si\u0119 za kap\u0142an\u00f3w i o nowe powo\u0142ania do \u017cycia kap\u0142a\u0144skiego. <span style=\"color: #ff0000;\"><strong>Spotkanie Rady Parafialnej o godz. 19:30 na plebanii<\/strong><\/span>.<br \/>\n&#8211; w pi\u0105tek(13) \u00a0wsp. obow. \u015bw. Antoniego z Padwy, prezbitera. Odpust w Hy\u017cnem suma o 11:00. Po Mszy \u015bw. wieczornej po\u015bwi\u0119cenie po\u015bwi\u0119cenie lilii.<br \/>\n&#8211; w sobot\u0119(14) <strong><span style=\"color: #800000;\">o 7:30 wyjazd do archikatedry w Przemy\u015blu dla lektor\u00f3w i ceremoniarzy. Powr\u00f3t ko\u0142o godziny 15:00<\/span><\/strong>.<\/li>\n<li>Za tydzie\u0144 Uroczysto\u015b\u0107 Tr\u00f3jcy Przenaj\u015bwi\u0119tszej, ko\u0144czy si\u0119 okres Komunii \u015bwi\u0119tej wielkanocnej. <strong><span style=\"color: #800000;\">III niedziela miesi\u0105ca<\/span><\/strong>.<\/li>\n<li><span style=\"color: #008000;\"><strong>Nabo\u017ce\u0144stwa czerwcowe codziennie po Mszy \u015bw. wieczornej<\/strong><\/span>.<\/li>\n<li><span style=\"color: #ff0000;\"><strong>Odpust parafialny 28 czerwca<\/strong><\/span>. Mszy odpustowej b\u0119dzie przewodniczy\u0142 ks. kan. Marian Fortuna.<\/li>\n<li>Dzi\u0119kuj\u0119 grupie sprz\u0105taj\u0105cej za przygotowanie ko\u015bcio\u0142a na dzisiejsz\u0105 liturgi\u0119 i wykoszenie trawy oraz za ofiar\u0119 <strong>160<\/strong> z\u0142 na potrzeby parafii, a o nowy dy\u017cur prosz\u0119: Edwarda Ro\u017cek, Marka Powik\u0119, Ew\u0119 Trzyna, Mart\u0119 Gajewsk\u0105, Ann\u0119 Gajewsk\u0105.<\/li>\n<li>Wszystkim solenizantkom i solenizantom, jubilatom, jubilatkom, kt\u00f3rzy \u015bwi\u0119tuj\u0105 swoje imieniny lub jubileusze w rozpoczynaj\u0105cym si\u0119 tygodniu \u017cycz\u0119 b\u0142. Bo\u017cego i opieki Niepokalanego Serca M.B.<\/li>\n<li>Zach\u0119cam do nabycia nowego numeru Tygodnika \u201dNiedziela\u201d i \u201eGo\u015bcia Niedzielnego\u201d.<\/li>\n<li><strong>Komitet Obywatelki Inicjatywy Ustawodawczej<\/strong> <span style=\"color: #ff0000;\">\u201e<em>Ustawy o zmianie ustawy o systemie \u015bwiaty oraz ustawy \u2013 Prawo o\u015bwiatowe\u201d \u201eTak dla lekcji religii etyki w szkole\u201d<\/em><\/span>, zbiera podpisy obywateli, kt\u00f3rzy udzielaj\u0105 poparcia temu projektowi. Trzeba w kr\u00f3tkim czasie zebra\u0107 minimum 100 ty\u015b. podpis\u00f3w.<\/li>\n<li><span style=\"color: #008000;\"><strong>1. Lipca(wtorek) wybieramy si\u0119 z pielgrzymk\u0105 na Jasn\u0105 G\u00f3r\u0119 wyjazd w godzinach pooranych. Cena 110 z\u0142. Zapisy u Pana J\u00f3zefa<\/strong><\/span>.<\/li>\n<li>Intencje Mszalne i og\u0142oszenia jak zwykle\u2026\n<p>Wszystkim \u017cycz\u0119 b\u0142ogos\u0142awionej Niedzieli i ca\u0142ego tygodnia<br \/>\n<span style=\"font-size: 1rem;\">\u00a0Ks. Robert \u015awitalski<\/span><\/li>\n<\/ol>\n ","protected":false},"excerpt":{"rendered":"<p>Dzi\u0119kuj\u0119 Pani\u0105 Renacie i Ewie za dekoracj\u0119 okoliczno\u015bciow\u0105 na czuwanie przed Zes\u0142aniem Ducha \u015awi\u0119tego, i Pani Barbarze i Markowi za&hellip;<\/p>\n","protected":false},"author":2,"featured_media":0,"comment_status":"closed","ping_status":"open","sticky":true,"template":"","format":"standard","meta":{"footnotes":""},"categories":[1],"tags":[],"class_list":["post-3195","post","type-post","status-publish","format-standard","hentry","category-bez-kategorii"],"_links":{"self":[{"href":"https:\/\/dylagowka.przemyska.pl\/index.php\/wp-json\/wp\/v2\/posts\/3195","targetHints":{"allow":["GET"]}}],"collection":[{"href":"https:\/\/dylagowka.przemyska.pl\/index.php\/wp-json\/wp\/v2\/posts"}],"about":[{"href":"https:\/\/dylagowka.przemyska.pl\/index.php\/wp-json\/wp\/v2\/types\/post"}],"author":[{"embeddable":true,"href":"https:\/\/dylagowka.przemyska.pl\/index.php\/wp-json\/wp\/v2\/users\/2"}],"replies":[{"embeddable":true,"href":"https:\/\/dylagowka.przemyska.pl\/index.php\/wp-json\/wp\/v2\/comments?post=3195"}],"version-history":[{"count":0,"href":"https:\/\/dylagowka.przemyska.pl\/index.php\/wp-json\/wp\/v2\/posts\/3195\/revisions"}],"wp:attachment":[{"href":"https:\/\/dylagowka.przemyska.pl\/index.php\/wp-json\/wp\/v2\/media?parent=3195"}],"wp:term":[{"taxonomy":"category","embeddable":true,"href":"https:\/\/dylagowka.przemyska.pl\/index.php\/wp-json\/wp\/v2\/categories?post=3195"},{"taxonomy":"post_tag","embeddable":true,"href":"https:\/\/dylagowka.przemyska.pl\/index.php\/wp-json\/wp\/v2\/tags?post=3195"}],"curies":[{"name":"wp","href":"https:\/\/api.w.org\/{rel}","templated":true}]}}