{"id":3231,"date":"2025-07-09T21:49:21","date_gmt":"2025-07-09T19:49:21","guid":{"rendered":"https:\/\/dylagowka.przemyska.pl\/?p=3231"},"modified":"2025-07-09T21:50:01","modified_gmt":"2025-07-09T19:50:01","slug":"xv-niedziela-zwykla-13-07-2025","status":"publish","type":"post","link":"https:\/\/dylagowka.przemyska.pl\/index.php\/2025\/07\/09\/xv-niedziela-zwykla-13-07-2025\/","title":{"rendered":"XV Niedziela Zwyk\u0142a 13.07.2025"},"content":{"rendered":"<ol>\n<li>Bardzo dzi\u0119kuj\u0119, za ofiary w kopertach na remont w parafii i wp\u0142aty na konto.<\/li>\n<li><span style=\"font-size: 1rem;\">W tym tygodniu:<\/span><\/li>\n<li>&#8211; we wtorek(15) wsp. obow. \u015bw. Bonawentury, biskupa i doktora Ko\u015bcio\u0142a.<br \/>\n&#8211; we \u015brod\u0119(16) wsp. obow. NMP z G\u00f3ry Karmel.<br \/>\n&#8211; Za tydzie\u0144 III niedziela miesi\u0105ca.<\/li>\n<li><strong><span style=\"color: #ff0000;\">Msze \u015bw. w tym tygodniu o 7:00. W niedziel\u0119 Msza \u015bw. o 7: 30 i 10:30<\/span>.<\/strong><\/li>\n<li>Dzi\u0119kuj\u0119 grupie sprz\u0105taj\u0105cej za przygotowanie ko\u015bcio\u0142a na dzisiejsz\u0105 liturgi\u0119 i za ofiar\u0119 <strong>150<\/strong> z\u0142 na potrzeby parafii, a o nowy dy\u017cur prosz\u0119:\u2026\u2026\u2026\u2026\u2026\u2026\u2026\u2026\u2026\u2026\u2026\u2026\u2026\u2026\u2026..<\/li>\n<li>Zach\u0119cam do nabycia nowego numeru Tygodnika \u201dNiedziela\u201d.<\/li>\n<li>Wszystkim solenizantkom i solenizantom, jubilatom, kt\u00f3rzy \u015bwi\u0119tuj\u0105 swoje imieniny lub jubileusze w rozpoczynaj\u0105cym si\u0119 tygodniu \u017cycz\u0119 b\u0142. Bo\u017cego i opieki Niepokalanego Serca N.M.P.<\/li>\n<li>Intencje Mszalne i og\u0142oszenia jak zwykle\u2026Wszystkim \u017cycz\u0119 b\u0142ogos\u0142awionej Niedzieli i ca\u0142ego tygodnia<br \/>\nKs. Robert \u015awitalski<\/p>\n<p><strong><span style=\"color: #ff0000;\">Zapowied\u017a III<\/span><br \/>\n1)<\/strong> <strong>Marlena Sopata z d.<\/strong> <strong>Trzyna<\/strong>, zam. <strong>Dyl\u0105g\u00f3wka<\/strong>, stanu cywilnego i <strong>Konrad Adrian Sopata<\/strong>, zam. <strong>B\u00f3brka k\/Soliny<\/strong>, stanu cywilnego.<\/li>\n<\/ol>\n ","protected":false},"excerpt":{"rendered":"<p>Bardzo dzi\u0119kuj\u0119, za ofiary w kopertach na remont w parafii i wp\u0142aty na konto. W tym tygodniu: &#8211; we wtorek(15)&hellip;<\/p>\n","protected":false},"author":2,"featured_media":0,"comment_status":"closed","ping_status":"open","sticky":true,"template":"","format":"standard","meta":{"footnotes":""},"categories":[1],"tags":[],"class_list":["post-3231","post","type-post","status-publish","format-standard","hentry","category-bez-kategorii"],"_links":{"self":[{"href":"https:\/\/dylagowka.przemyska.pl\/index.php\/wp-json\/wp\/v2\/posts\/3231","targetHints":{"allow":["GET"]}}],"collection":[{"href":"https:\/\/dylagowka.przemyska.pl\/index.php\/wp-json\/wp\/v2\/posts"}],"about":[{"href":"https:\/\/dylagowka.przemyska.pl\/index.php\/wp-json\/wp\/v2\/types\/post"}],"author":[{"embeddable":true,"href":"https:\/\/dylagowka.przemyska.pl\/index.php\/wp-json\/wp\/v2\/users\/2"}],"replies":[{"embeddable":true,"href":"https:\/\/dylagowka.przemyska.pl\/index.php\/wp-json\/wp\/v2\/comments?post=3231"}],"version-history":[{"count":0,"href":"https:\/\/dylagowka.przemyska.pl\/index.php\/wp-json\/wp\/v2\/posts\/3231\/revisions"}],"wp:attachment":[{"href":"https:\/\/dylagowka.przemyska.pl\/index.php\/wp-json\/wp\/v2\/media?parent=3231"}],"wp:term":[{"taxonomy":"category","embeddable":true,"href":"https:\/\/dylagowka.przemyska.pl\/index.php\/wp-json\/wp\/v2\/categories?post=3231"},{"taxonomy":"post_tag","embeddable":true,"href":"https:\/\/dylagowka.przemyska.pl\/index.php\/wp-json\/wp\/v2\/tags?post=3231"}],"curies":[{"name":"wp","href":"https:\/\/api.w.org\/{rel}","templated":true}]}}