{"id":3234,"date":"2025-07-09T21:55:33","date_gmt":"2025-07-09T19:55:33","guid":{"rendered":"https:\/\/dylagowka.przemyska.pl\/?p=3234"},"modified":"2025-07-09T21:55:33","modified_gmt":"2025-07-09T19:55:33","slug":"xvi-niedziela-zwykla-20-07-2025","status":"publish","type":"post","link":"https:\/\/dylagowka.przemyska.pl\/index.php\/2025\/07\/09\/xvi-niedziela-zwykla-20-07-2025\/","title":{"rendered":"XVI Niedziela Zwyk\u0142a 20.07.2025"},"content":{"rendered":"<ol>\n<li>Dzi\u015b rozpoczyna si\u0119 <span style=\"color: #800000;\"><strong>XXVI Og\u00f3lnopolski Tydzie\u0144 \u015bw. Krzysztofa<\/strong><\/span>. <span style=\"color: #0000ff;\">Za tydzie\u0144 27. Lipca b\u0142ogos\u0142awie\u0144stwo kierowc\u00f3w i pojazd\u00f3w osobowych po ka\u017cdej Mszy \u015bw. zbi\u00f3rka do puszek na \u015brodki transportu dla misjonarzy<\/span>. Szczeg\u00f3\u0142owe informacje na plakacie w gablocie. Obrz\u0119d po\u015bwi\u0119cenia pojazd\u00f3w b\u0119dzie na parkingu.<\/li>\n<li>Bardzo dzi\u0119kuj\u0119, za tac\u0119 na potrzeby parafii i ofiary w kopertach na remont w parafii i wp\u0142aty na konto.<\/li>\n<li>W tym tygodniu:<br \/>\n&#8211; we wtorek(22) wsp. obow. \u015bw. Marii Magdaleny. Po Mszy \u015bw. nowenna do \u015bw. Jana Paw\u0142a II i uca\u0142owanie Jego relikwii.<br \/>\n&#8211; w \u015brod\u0119(23) \u015awi\u0119to \u015bw. Brygidy, zakonnicy, patronki Europy.<br \/>\n&#8211; w czwartek(24) wsp. obow. \u015bw. Kingi, dziewicy.<br \/>\n&#8211; w pi\u0105tek(25) \u015awi\u0119to \u015bw. Jakuba, Aposto\u0142a. Dzie\u0144 modlitw w intencji ks. bp Krzysztofa Chudzio.<br \/>\n&#8211; w sobot\u0119(26) wsp. obow. \u015bw. Joachima i Anny, rodzic\u00f3w NMP.<\/li>\n<li>Za tydzie\u0144 IV \u015awiatowy Dzie\u0144 Dziadk\u00f3w i Os\u00f3b Starszych ustanowiony przez Ojca \u015awi\u0119tego Franciszka. Zako\u0144czenie tygodnia \u015bw. Krzysztofa.<\/li>\n<li><span style=\"color: #ff0000;\"><strong>Msze \u015bw. w tym tygodniu o 7:00. W niedziel\u0119 Msza \u015bw. o 7: 30 i 10:30<span style=\"color: #000000;\">. <\/span><\/strong><\/span><\/li>\n<li>Dzi\u0119kuj\u0119 grupie sprz\u0105taj\u0105cej za przygotowanie ko\u015bcio\u0142a na dzisiejsz\u0105 liturgi\u0119 oraz za ofiar\u0119 150 z\u0142 na potrzeby parafii, a o nowy dy\u017cur prosz\u0119: \u2026\u2026\u2026\u2026\u2026\u2026\u2026\u2026\u2026\u2026\u2026\u2026\u2026\u2026\u2026\u2026\u2026\u2026\u2026\u2026.<em style=\"font-size: 1rem;\"><span style=\"color: #008000;\">Prosz\u0119 o wykoszenie trawy t\u0105 grup\u0119 parafian<\/span>.\u00a0<\/em><\/li>\n<li>Zach\u0119cam do nabycia nowego numeru Tygodnika \u201dNiedziela\u201d.<\/li>\n<li>Wszystkim solenizantkom i solenizantom, jubilatom, kt\u00f3rzy \u015bwi\u0119tuj\u0105 swoje imieniny lub jubileusze w rozpoczynaj\u0105cym si\u0119 tygodniu \u017cycz\u0119 b\u0142. Bo\u017cego i opieki Niepokalanego Serca N.M.P.<\/li>\n<li>Intencje Mszalne i og\u0142oszenia jak zwykle\u2026\n<p>Wszystkim \u017cycz\u0119 b\u0142ogos\u0142awionej Niedzieli i ca\u0142ego tygodnia<br \/>\nKs. Robert \u015awitalski<\/li>\n<\/ol>\n ","protected":false},"excerpt":{"rendered":"<p>Dzi\u015b rozpoczyna si\u0119 XXVI Og\u00f3lnopolski Tydzie\u0144 \u015bw. Krzysztofa. Za tydzie\u0144 27. Lipca b\u0142ogos\u0142awie\u0144stwo kierowc\u00f3w i pojazd\u00f3w osobowych po ka\u017cdej Mszy&hellip;<\/p>\n","protected":false},"author":2,"featured_media":0,"comment_status":"closed","ping_status":"open","sticky":true,"template":"","format":"standard","meta":{"footnotes":""},"categories":[1],"tags":[],"class_list":["post-3234","post","type-post","status-publish","format-standard","hentry","category-bez-kategorii"],"_links":{"self":[{"href":"https:\/\/dylagowka.przemyska.pl\/index.php\/wp-json\/wp\/v2\/posts\/3234","targetHints":{"allow":["GET"]}}],"collection":[{"href":"https:\/\/dylagowka.przemyska.pl\/index.php\/wp-json\/wp\/v2\/posts"}],"about":[{"href":"https:\/\/dylagowka.przemyska.pl\/index.php\/wp-json\/wp\/v2\/types\/post"}],"author":[{"embeddable":true,"href":"https:\/\/dylagowka.przemyska.pl\/index.php\/wp-json\/wp\/v2\/users\/2"}],"replies":[{"embeddable":true,"href":"https:\/\/dylagowka.przemyska.pl\/index.php\/wp-json\/wp\/v2\/comments?post=3234"}],"version-history":[{"count":0,"href":"https:\/\/dylagowka.przemyska.pl\/index.php\/wp-json\/wp\/v2\/posts\/3234\/revisions"}],"wp:attachment":[{"href":"https:\/\/dylagowka.przemyska.pl\/index.php\/wp-json\/wp\/v2\/media?parent=3234"}],"wp:term":[{"taxonomy":"category","embeddable":true,"href":"https:\/\/dylagowka.przemyska.pl\/index.php\/wp-json\/wp\/v2\/categories?post=3234"},{"taxonomy":"post_tag","embeddable":true,"href":"https:\/\/dylagowka.przemyska.pl\/index.php\/wp-json\/wp\/v2\/tags?post=3234"}],"curies":[{"name":"wp","href":"https:\/\/api.w.org\/{rel}","templated":true}]}}