{"id":3259,"date":"2025-08-24T00:05:11","date_gmt":"2025-08-23T22:05:11","guid":{"rendered":"https:\/\/dylagowka.przemyska.pl\/?p=3259"},"modified":"2025-08-24T00:05:44","modified_gmt":"2025-08-23T22:05:44","slug":"xxi-niedziela-zwykla-24-08-2025","status":"publish","type":"post","link":"https:\/\/dylagowka.przemyska.pl\/index.php\/2025\/08\/24\/xxi-niedziela-zwykla-24-08-2025\/","title":{"rendered":"XXI Niedziela Zwyk\u0142a 24.08.2025"},"content":{"rendered":"<ol>\n<li>Dzi\u0119kuj\u0119 Wojtkowi Trzynie, Krzysztofowi Kami\u0144skiemu, Tadeuszowi i Adamowi Baran, Czes\u0142awowi Mo\u0142o\u0144, Miros\u0142awowi Karczmarz, J\u00f3zefowi Szmigiel za prace na cmentarzu.<\/li>\n<li>Dzi\u0119kuj\u0119 za ofiary na remont ko\u015bcio\u0142a i za ofiary z III niedz. miesi\u0105ca.<\/li>\n<li>W tym tygodniu:<br \/>\n&#8211; we wtorek(26) <span style=\"color: #ff0000;\"><strong style=\"font-size: 1rem;\">Uroczysto\u015b\u0107 NMP Cz\u0119stochowskiej. Msze \u015bw. o godz. 7:00 i 18:00<\/strong><\/span><span style=\"font-size: 1rem;\">.<br \/>\n<\/span>&#8211; w \u015brod\u0119(27) wsp. obow. \u015bw. Moniki. Cotygodniowa nowenna do Niepokalanego Serca NMP po Mszy \u015bw.<br \/>\n&#8211; w czwartek(28) wsp. obw. \u015bw. Augustyna, biskupa i doktora Ko\u015bcio\u0142a. Cotygodniowa nowenna do Niepokalanego Serca NMP po Mszy \u015bw.<br \/>\n&#8211; w pi\u0105tek(29) wsp. obow. m\u0119cze\u0144stwo \u015bw. Jana Chrzciciela.<\/li>\n<li><span style=\"color: #ff0000;\"><strong>Msze \u015bw. w tym tygodniu od poniedzia\u0142ku do soboty o 7:00, w niedziel\u0119 Msze \u015bw. o 7:30, 10:30<\/strong><\/span>.<\/li>\n<li>Za tydzie\u0144 w niedziel\u0119(31) odb\u0119d\u0105 si\u0119 <strong>Do\u017cynki Gminy Hy\u017cne \u00a0w Grzegorz\u00f3wce<\/strong>.<br \/>\nUroczysto\u015bci rozpoczn\u0105 si\u0119\u00a0<strong>Msz\u0105 \u015awi\u0119t\u0105 dzi\u0119kczynn\u0105 o godzinie 14:00 w ko\u015bciele parafialnym Grzegorz\u00f3wka\u2013W\u00f3lka<\/strong>. Dalsza cz\u0119\u015b\u0107 uroczysto\u015bci odb\u0119dzie si\u0119 na boisku sportowym w Grzegorz\u00f3wce. Serdecznie zapraszamy wszystkich mieszka\u0144c\u00f3w do uczestnictwa w tym wydarzeniu.<\/li>\n<li>Dzi\u0119kuj\u0119 grupie sprz\u0105taj\u0105cej za przygotowanie ko\u015bcio\u0142a na dzisiejsz\u0105 liturgi\u0119 oraz ofiar\u0119 na kwiaty <strong>150<\/strong> z\u0142. O nowy dy\u017cur prosz\u0119: Dorot\u0119 Bysiek, Iwon\u0119 Walas, Ew\u0119 \u015alemp, J\u00f3zefa Walas, Janusza Walas. Prosz\u0119 o wykoszenie trawy przy ko\u015bciele.<\/li>\n<li><span style=\"color: #0000ff;\"><strong>20.wrze\u015bnia<\/strong> <strong>wyje\u017cd\u017camy do Zamo\u015bcia i Radecznicy sanktuarium \u015bw. Antoniego<\/strong><\/span>. Zapisy u Pana J\u00f3zefa. Zapraszam.<\/li>\n<li><span style=\"color: #800000;\"><strong>7 wrze\u015bnia<\/strong><\/span> wybieramy si\u0119 z doroczn\u0105 piesz\u0105 pielgrzymk\u0105 do Hy\u017cnego. Zapraszam wszystkich parafian, aby nas by\u0142o jak najwi\u0119cej. Szczeg\u00f3\u0142y pielgrzymki podam za tydzie\u0144.<\/li>\n<li>Przypominam o tygodniku Niedziela i zach\u0119cam do jego nabycia.<\/li>\n<li>Intencje Mszalne i og\u0142oszenia jak zwykle\u2026\n<p>Wszystkim \u017cycz\u0119 b\u0142ogos\u0142awionej Niedzieli i ca\u0142ego tygodnia<br \/>\nKs. Robert \u015awitalski<\/p>\n<p><strong><span style=\"color: #ff0000;\">Zapowied\u017a I<\/span><br \/>\n1)<\/strong> <strong>S\u0142awomir Sylwester Jamrozik<\/strong>, zam. <strong>Dyl\u0105g\u00f3wka<\/strong>, stanu wolnego i <strong>Klaudia Oliwia \u017burek<\/strong>, zam. <strong>Hy\u017cne<\/strong>, stanu wolnego.<\/li>\n<\/ol>\n ","protected":false},"excerpt":{"rendered":"<p>Dzi\u0119kuj\u0119 Wojtkowi Trzynie, Krzysztofowi Kami\u0144skiemu, Tadeuszowi i Adamowi Baran, Czes\u0142awowi Mo\u0142o\u0144, Miros\u0142awowi Karczmarz, J\u00f3zefowi Szmigiel za prace na cmentarzu. Dzi\u0119kuj\u0119&hellip;<\/p>\n","protected":false},"author":2,"featured_media":0,"comment_status":"closed","ping_status":"open","sticky":true,"template":"","format":"standard","meta":{"footnotes":""},"categories":[1],"tags":[],"class_list":["post-3259","post","type-post","status-publish","format-standard","hentry","category-bez-kategorii"],"_links":{"self":[{"href":"https:\/\/dylagowka.przemyska.pl\/index.php\/wp-json\/wp\/v2\/posts\/3259","targetHints":{"allow":["GET"]}}],"collection":[{"href":"https:\/\/dylagowka.przemyska.pl\/index.php\/wp-json\/wp\/v2\/posts"}],"about":[{"href":"https:\/\/dylagowka.przemyska.pl\/index.php\/wp-json\/wp\/v2\/types\/post"}],"author":[{"embeddable":true,"href":"https:\/\/dylagowka.przemyska.pl\/index.php\/wp-json\/wp\/v2\/users\/2"}],"replies":[{"embeddable":true,"href":"https:\/\/dylagowka.przemyska.pl\/index.php\/wp-json\/wp\/v2\/comments?post=3259"}],"version-history":[{"count":0,"href":"https:\/\/dylagowka.przemyska.pl\/index.php\/wp-json\/wp\/v2\/posts\/3259\/revisions"}],"wp:attachment":[{"href":"https:\/\/dylagowka.przemyska.pl\/index.php\/wp-json\/wp\/v2\/media?parent=3259"}],"wp:term":[{"taxonomy":"category","embeddable":true,"href":"https:\/\/dylagowka.przemyska.pl\/index.php\/wp-json\/wp\/v2\/categories?post=3259"},{"taxonomy":"post_tag","embeddable":true,"href":"https:\/\/dylagowka.przemyska.pl\/index.php\/wp-json\/wp\/v2\/tags?post=3259"}],"curies":[{"name":"wp","href":"https:\/\/api.w.org\/{rel}","templated":true}]}}