{"id":3265,"date":"2025-08-30T17:23:24","date_gmt":"2025-08-30T15:23:24","guid":{"rendered":"https:\/\/dylagowka.przemyska.pl\/?p=3265"},"modified":"2025-08-30T17:24:02","modified_gmt":"2025-08-30T15:24:02","slug":"rys-biograficzny-poleglych-w-mogilach-katynskich","status":"publish","type":"post","link":"https:\/\/dylagowka.przemyska.pl\/index.php\/2025\/08\/30\/rys-biograficzny-poleglych-w-mogilach-katynskich\/","title":{"rendered":"Rys biograficzny poleg\u0142ych w mogi\u0142ach Katy\u0144skich"},"content":{"rendered":"<p><strong>posterunkowy PP Tomasz Pa\u0142ac, <\/strong>ur. 12 XII 1907 r. w Dyl\u0105g\u00f3wce, syn Walentego i Marianny. Pochodzi\u0142 z rodziny ch\u0142opskiej. W policji od 1 II 1933 r. Co najmniej od 1936 s\u0142u\u017cb\u0119 pe\u0142ni\u0142 w woj. wo\u0142y\u0144skim, m.in. na posterunku w Silnie (pow. \u0142ucki). Od 16 VIII 1938 r. do wrze\u015bnia 1939 r. w Wydziale \u015aledczym Policji Pa\u0144stwowej w \u0141ucku. We wrze\u015bniu 1939 r. pojmany przez sowiet\u00f3w, osadzony w obozie jenieckim w Ostaszkowie, zamordowany przez NKWD w Kalininie (obecnie Twer) w 1940 r., pogrzebany w Miednoje. Spoczywa na Polskim Cmentarzu Wojennym w Miednoje.<\/p>\n<p><strong>posterunkowy PP Jakub Ha\u0142dys, <\/strong>ur. 16 IV 1906 r. w Dyl\u0105g\u00f3wce, syn Antoniego i Katarzyny (z domu Po\u0142udniak). Pochodzi\u0142 z rodziny ch\u0142opskiej. Uko\u0144czy\u0142 cztery klasy szko\u0142y powszechnej w Dyl\u0105g\u00f3wce. \u201eBy\u0142 ch\u0142opcem pracowitym, uczciwym, prowadzi\u0142 si\u0119 wzorowo\u201d. W latach 1928\u20121929 odby\u0142 s\u0142u\u017cb\u0119 wojskow\u0105 w 2. Pu\u0142ku Strzelc\u00f3w Podhala\u0144skich w Sanoku. Od IX 1929 r. w Policji Pa\u0144stwowej. W 1930 r. uko\u0144czy\u0142 Szko\u0142\u0119 dla Szeregowych Policji Pa\u0144stwowej w Mostach Wielkich. Po uko\u0144czeniu szko\u0142y przydzielony do Posterunku Policji Pa\u0144stwowej w Samborze. Od 1934 r. posterunkowy w Starej Soli. W 1937 r. przeniesiony do s\u0142u\u017cby w wojew\u00f3dztwie poleskim, na Posterunku Policji Pa\u0144stwowej w Czerni (powiat brzeski).<br \/>\nWe wrze\u015bniu 1939 r. pojmany przez sowiet\u00f3w, osadzony w obozie jenieckim w Ostaszkowie, zamordowany przez NKWD w Kalininie (obecnie Twer) w 1940 r., pogrzebany w Miednoje. Spoczywa na Polskim Cmentarzu Wojennym w Miednoje.<br \/>\nO\u017ceniony z Mari\u0105 Kul\u0105 z \u0141\u0105ki. Mieli c\u00f3rk\u0119 W\u0142adys\u0142aw\u0119 Alicj\u0119 (ur. 1936 r.).<\/p>\n<p><strong>st. posterunkowy PP Jakub Staszczak<\/strong>, ur. 11.07.1893 r. w Szklarach, syn Paw\u0142a i Agaty. Pochodzi\u0142 z rodziny ch\u0142opskiej. \u017bo\u0142nierz Wojska Polskiego od 4 XII 1918 do 25 VIII 1919 i od 12 VII do 1 XII 1920 r. W policji od 1 V 1923 r. Co najmniej od 1936 s\u0142u\u017cb\u0119 pe\u0142ni\u0142 w woj. wo\u0142y\u0144skim, m.in. w pow. zdo\u0142bunowskim &#8211; do 17 IX 1937 na Posterunku w Mogilanach, nast\u0119pnie przeniesiony na Posterunek w Chorowie. We wrze\u015bniu 1939 r. pojmany przez sowiet\u00f3w, osadzony w obozie jenieckim w Ostaszkowie, zamordowany przez NKWD w Kalininie (obecnie Twer) w 1940 r., pogrzebany w Miednoje. Spoczywa na Polskim Cmentarzu Wojennym w Miednoje.<\/p>\n<p><strong>posterunkowy PP Kazimierz Ha\u0142dys<\/strong>, ur. 12 II 1896 r. w Hy\u017cnem, syn Walentego i Marianny (z domu Kotarba), ochrzczony 14 II tego roku w ko\u015bciele parafialnym w Hy\u017cnem. 7 IX 1929 r. o\u017ceniony z \u0141ucj\u0105 Tomak\u0105 (\u015blub wzi\u0119li w Samborze). Mieli dw\u00f3ch syn\u00f3w: Wac\u0142awa Antoniego i Czes\u0142awa Kazimierza. S\u0142u\u017cy\u0142 w policji woj. lwowskiego, co najmniej od 1927 r. jako posterunkowy w Borys\u0142awiu. Pojmany przez sowiet\u00f3w wraz z innymi policjantami i ludno\u015bci\u0105 cywiln\u0105 w okolicach Skolego podczas pr\u00f3by ewakuacji na po\u0142udnie, do Rumunii. We wrze\u015bniu 1939 r. pojmany przez sowiet\u00f3w, osadzony w obozie jenieckim w Ostaszkowie, zamordowany przez NKWD w Kalininie (obecnie Twer) w 1940 r., pogrzebany w Miednoje. Spoczywa na Polskim Cmentarzu Wojennym w Miednoje.<br \/>\n\u017bona \u0141ucja zosta\u0142a wywieziona przez w\u0142adze sowieckiej na Syberi\u0119 (nie wiadomo czy wraz ze synami), gdzie zmar\u0142a. Dzieci ma\u0142\u017ce\u0144stwa Ha\u0142dys\u00f3w znalaz\u0142y si\u0119 po II wojnie \u015bwiatowej na Dolnym \u015al\u0105sku (okolice \u015arody \u015al\u0105skiej). Zosta\u0142y wychowane przez rodzin\u0119 ze strony matki.<\/p>\n ","protected":false},"excerpt":{"rendered":"<p>posterunkowy PP Tomasz Pa\u0142ac, ur. 12 XII 1907 r. w Dyl\u0105g\u00f3wce, syn Walentego i Marianny. Pochodzi\u0142 z rodziny ch\u0142opskiej. W&hellip;<\/p>\n","protected":false},"author":2,"featured_media":0,"comment_status":"closed","ping_status":"open","sticky":true,"template":"","format":"standard","meta":{"footnotes":""},"categories":[1],"tags":[],"class_list":["post-3265","post","type-post","status-publish","format-standard","hentry","category-bez-kategorii"],"_links":{"self":[{"href":"https:\/\/dylagowka.przemyska.pl\/index.php\/wp-json\/wp\/v2\/posts\/3265","targetHints":{"allow":["GET"]}}],"collection":[{"href":"https:\/\/dylagowka.przemyska.pl\/index.php\/wp-json\/wp\/v2\/posts"}],"about":[{"href":"https:\/\/dylagowka.przemyska.pl\/index.php\/wp-json\/wp\/v2\/types\/post"}],"author":[{"embeddable":true,"href":"https:\/\/dylagowka.przemyska.pl\/index.php\/wp-json\/wp\/v2\/users\/2"}],"replies":[{"embeddable":true,"href":"https:\/\/dylagowka.przemyska.pl\/index.php\/wp-json\/wp\/v2\/comments?post=3265"}],"version-history":[{"count":0,"href":"https:\/\/dylagowka.przemyska.pl\/index.php\/wp-json\/wp\/v2\/posts\/3265\/revisions"}],"wp:attachment":[{"href":"https:\/\/dylagowka.przemyska.pl\/index.php\/wp-json\/wp\/v2\/media?parent=3265"}],"wp:term":[{"taxonomy":"category","embeddable":true,"href":"https:\/\/dylagowka.przemyska.pl\/index.php\/wp-json\/wp\/v2\/categories?post=3265"},{"taxonomy":"post_tag","embeddable":true,"href":"https:\/\/dylagowka.przemyska.pl\/index.php\/wp-json\/wp\/v2\/tags?post=3265"}],"curies":[{"name":"wp","href":"https:\/\/api.w.org\/{rel}","templated":true}]}}