{"id":3267,"date":"2025-08-30T22:58:30","date_gmt":"2025-08-30T20:58:30","guid":{"rendered":"https:\/\/dylagowka.przemyska.pl\/?p=3267"},"modified":"2025-09-03T19:28:46","modified_gmt":"2025-09-03T17:28:46","slug":"xxii-niedziela-zwykla-31-08-2025","status":"publish","type":"post","link":"https:\/\/dylagowka.przemyska.pl\/index.php\/2025\/08\/30\/xxii-niedziela-zwykla-31-08-2025\/","title":{"rendered":"XXII Niedziela Zwyk\u0142a 31.08.2025"},"content":{"rendered":"<ol>\n<li>Ostania niedziela sierpnia porz\u0105dek Mszy \u015bw. o 7:30 i 10:30 w kaplicy dolnej ko\u015bcio\u0142a.<\/li>\n<li><strong>Do\u017cynki Gminy Hy\u017cne \u00a0w Grzegorz\u00f3wce<\/strong>. Uroczysto\u015bci rozpoczn\u0105 si\u0119\u00a0<strong>Msz\u0105 \u015awi\u0119t\u0105 dzi\u0119kczynn\u0105 o godzinie 14:00 w ko\u015bciele parafialnym Grzegorz\u00f3wka\u2013W\u00f3lka<\/strong>. Dalsza cz\u0119\u015b\u0107 uroczysto\u015bci odb\u0119dzie si\u0119 na boisku sportowym w Grzegorz\u00f3wce.<\/li>\n<li>Bardzo dzi\u0119kuj\u0119, za ofiary na remont ko\u015bcio\u0142a i wp\u0142aty na konto. Cmentarz parafialny \u2013 zako\u0144czona alejka i sektor dzieci\u0119cy \u2013 informacje.<\/li>\n<li>W tym tygodniu:<br \/>\n&#8211; w poniedzia\u0142ek(1) o 8:00 Msza \u015bw. na rozpocz\u0119cie roku szkolnego i katechetycznego. Po\u015bwi\u0119cenie plecak\u00f3w i przybor\u00f3w dla klasy I. Spowied\u017a szkolna dla dzieci w czwartek i pi\u0105tek.<br \/>\n&#8211; w \u015brod\u0119(3) wsp. obow. \u015bw. Grzegorza Wielkiego. Cotygodniowa nowenna do Niepokalanego Serca NMP po Mszy \u015bw.<br \/>\n&#8211; I czwartek, nabo\u017ce\u0144stwo eucharystyczne i modlitwy o powo\u0142ania.<br \/>\n&#8211; I pi\u0105tek o 7:00 Msza \u015bw. za chorych w parafii. Od 8:30 chorzy w domach. Druga Msza \u015bw. wieczorem o 18:00, od 17:00 spowied\u017a szkolna dla dzieci i m\u0142odzie\u017cy, nabo\u017ce\u0144stwo pierwszo- pi\u0105tkowe.<br \/>\n&#8211; I sobota wg porz\u0105dku fatimskiego.<br \/>\n&#8211; w I niedziela o 7:30. Msza \u015bwi\u0119ta za r\u00f3\u017ce i zmiana tajemnic r\u00f3\u017ca\u0144cowych. Adoracja NS w ramach Mszy \u015bw. Taca na WSD w Przemy\u015blu. <span style=\"color: #ff0000;\"><strong style=\"font-size: 1rem;\">Nie b\u0119dzie Mszy \u015bw. o 15:00<\/strong><\/span><span style=\"font-size: 1rem;\">. <\/span><strong style=\"font-size: 1rem;\">\u00a0O 15:15 w<strong style=\"font-size: 1rem;\">yj\u015bcie na pielgrzymk\u0119<\/strong>\u00a0 z Ko\u015bcio\u0142a Parafialnego<\/strong><span style=\"font-size: 1rem;\">. Intencja pielgrzymki: <\/span><em style=\"font-size: 1rem;\"><span style=\"color: #0000ff;\">Aby wsp\u00f3lnota parafialna jak najowocniej prze\u017cy\u0142a Misje parafialne we wrze\u015bniu<\/span>. <\/em>Plan odpustu w Hy\u017cnym wywieszony na tablicy og\u0142osze\u0144.<\/li>\n<li><strong><span style=\"color: #ff0000;\">Msze \u015bw. w tygodniu wieczorem o 18:00<\/span>. Dodatkowe Msze \u015bw. w czwartek i w pi\u0105tek o 7:00. <\/strong><\/li>\n<li><strong>W sobot\u0119(6) na godz. 9:00 zapraszam parafian od nr 100 do 141 w celu prac porz\u0105dkowych na cmentarzu. Przynosimy\u2026\u2026\u2026\u2026\u2026..<\/strong><\/li>\n<li>Dzi\u0119kuj\u0119 grupie sprz\u0105taj\u0105cej za przygotowanie ko\u015bcio\u0142a na dzisiejsz\u0105 liturgi\u0119 oraz ofiar\u0119 na kwiaty <strong>170<\/strong> z\u0142. O nowy dy\u017cur prosz\u0119: Mari\u0119 Dobosz, Natali\u0119 Dobosz, Marlen\u0119 Kustra, Ma\u0142gorzat\u0119 Przyby\u0142o, Konrada Pa\u0142aca.<\/li>\n<li>Przypominam o tygodniku Niedziela i Go\u015bcia Niedzielnego zach\u0119cam do jego nabycia.<\/li>\n<li>20.wrze\u015bnia wyje\u017cd\u017camy do Zamo\u015bcia i Radecznicy sanktuarium \u015bw. Antoniego. Zapisy u Pana J\u00f3zefa. Zapraszam.<\/li>\n<li><span style=\"color: #339966;\"> Pielgrzymka R\u00f3\u017c \u017bywego R\u00f3\u017ca\u0144ca do Kalwarii Pac\u0142awskiej 27.09.2025 r. (sobota)<\/span> <span style=\"color: #800000;\"><strong style=\"font-size: 1rem;\">Has\u0142o Pielgrzymki: R\u00f3\u017ca\u0144cowi pielgrzymi nadziei Rok Jubileuszowy 2025<\/strong><\/span><span style=\"font-size: 1rem;\">. Zapisy u Pani El\u017cbiety Pa\u015bciak prze\u0142o\u017conej r\u00f3\u017c w parafii. <\/span><\/li>\n<li>Wszystkim solenizantkom i solenizantom, jubilatom, kt\u00f3rzy \u015bwi\u0119tuj\u0105 swoje imieniny lub jubileusze w rozpoczynaj\u0105cym si\u0119 tygodniu \u017cycz\u0119 b\u0142. Bo\u017cego i opieki Niepokalanego Serca N.M.P.<\/li>\n<li>Intencje Mszalne i og\u0142oszenia jak zwykle\u2026<br \/>\nWszystkim \u017cycz\u0119 b\u0142ogos\u0142awionej Niedzieli i ca\u0142ego tygodnia<br \/>\nKs. Robert \u015awitalski<span style=\"color: #ff0000;\"><strong><br \/>\nZapowied\u017a II<br \/>\n<\/strong><\/span>1) <strong>S\u0142awomir Sylwester Jamrozik, <\/strong>zam. <strong>Dyl\u0105g\u00f3wka, <\/strong>stanu wolnego i <strong>Klaudia Oliwia \u017burek,<\/strong> zam. <strong>Hy\u017cne, <\/strong>stanu wolnego.<\/p>\n<p><span style=\"color: #800000;\"><strong>Intencje modlitewne dla R\u00f3\u017c R\u00f3\u017ca\u0144cowych na wrzesie\u0144:<br \/>\n<\/strong><\/span><strong>Og\u00f3lna:<\/strong> Aby\u015bmy natchnieni przez \u015awi\u0119tego Franciszka, do\u015bwiadczyli wzajemnej\u00a0wi\u0119zi ze wszystkimi stworzeniami, kochanymi przez Boga i godnymi szacunku.<br \/>\n<strong>Diecezjalna: <\/strong>Za dzieci i m\u0142odzie\u017c, ich rodzic\u00f3w, opiekun\u00f3w, wychowawc\u00f3w, nauczycieli i katechet\u00f3w o b\u0142ogos\u0142awie\u0144stwo Bo\u017ce w nauce, w wychowaniu oraz o \u0142ask\u0119 pog\u0142\u0119bienia \u017cycia wiary.<br \/>\n<strong>Parafialna: <\/strong><span style=\"color: #ff0000;\"><strong>o dobry i liczny udzia\u0142 w tegorocznych misjach parafialnych<\/strong><\/span>.<\/p>\n<p>&nbsp;<\/li>\n<\/ol>\n ","protected":false},"excerpt":{"rendered":"<p>Ostania niedziela sierpnia porz\u0105dek Mszy \u015bw. o 7:30 i 10:30 w kaplicy dolnej ko\u015bcio\u0142a. Do\u017cynki Gminy Hy\u017cne \u00a0w Grzegorz\u00f3wce. Uroczysto\u015bci&hellip;<\/p>\n","protected":false},"author":2,"featured_media":0,"comment_status":"closed","ping_status":"open","sticky":true,"template":"","format":"standard","meta":{"footnotes":""},"categories":[1],"tags":[],"class_list":["post-3267","post","type-post","status-publish","format-standard","hentry","category-bez-kategorii"],"_links":{"self":[{"href":"https:\/\/dylagowka.przemyska.pl\/index.php\/wp-json\/wp\/v2\/posts\/3267","targetHints":{"allow":["GET"]}}],"collection":[{"href":"https:\/\/dylagowka.przemyska.pl\/index.php\/wp-json\/wp\/v2\/posts"}],"about":[{"href":"https:\/\/dylagowka.przemyska.pl\/index.php\/wp-json\/wp\/v2\/types\/post"}],"author":[{"embeddable":true,"href":"https:\/\/dylagowka.przemyska.pl\/index.php\/wp-json\/wp\/v2\/users\/2"}],"replies":[{"embeddable":true,"href":"https:\/\/dylagowka.przemyska.pl\/index.php\/wp-json\/wp\/v2\/comments?post=3267"}],"version-history":[{"count":0,"href":"https:\/\/dylagowka.przemyska.pl\/index.php\/wp-json\/wp\/v2\/posts\/3267\/revisions"}],"wp:attachment":[{"href":"https:\/\/dylagowka.przemyska.pl\/index.php\/wp-json\/wp\/v2\/media?parent=3267"}],"wp:term":[{"taxonomy":"category","embeddable":true,"href":"https:\/\/dylagowka.przemyska.pl\/index.php\/wp-json\/wp\/v2\/categories?post=3267"},{"taxonomy":"post_tag","embeddable":true,"href":"https:\/\/dylagowka.przemyska.pl\/index.php\/wp-json\/wp\/v2\/tags?post=3267"}],"curies":[{"name":"wp","href":"https:\/\/api.w.org\/{rel}","templated":true}]}}