{"id":3289,"date":"2025-09-07T06:44:29","date_gmt":"2025-09-07T04:44:29","guid":{"rendered":"https:\/\/dylagowka.przemyska.pl\/?p=3289"},"modified":"2025-09-07T06:44:30","modified_gmt":"2025-09-07T04:44:30","slug":"xxiii-niedziela-zwykla-7-09-2025","status":"publish","type":"post","link":"https:\/\/dylagowka.przemyska.pl\/index.php\/2025\/09\/07\/xxiii-niedziela-zwykla-7-09-2025\/","title":{"rendered":"XXIII Niedziela Zwyk\u0142a 7.09.2025"},"content":{"rendered":"<ol>\n<li>Dzi\u015b I niedziela miesi\u0105ca adoracja NS w ramach Mszy \u015bw. taca na WSD w Przemy\u015blu.<\/li>\n<li>Zmiana tajemnic r\u00f3\u017ca\u0144cowych o 7:30. Porz\u0105dek Mszy niedzielnych o <span style=\"color: #ff0000;\">7:30, 10:30<\/span>.\u00a0<span style=\"color: #ff0000;\"><strong>Wyj\u015bcie o 15:15 od Ko\u015bcio\u0142a Parafialnego na pielgrzymk\u0119 piesz\u0105 do Sanktuarium MB Hy\u017cne\u0144skiej<\/strong><\/span>. Intencja pielgrzymki: <em><span style=\"color: #0000ff;\">Aby wsp\u00f3lnota parafialna jak najowocniej prze\u017cy\u0142a Misje parafialne we wrze\u015bniu. O opiek\u0119 MB nad parafi\u0105<\/span>. <\/em>Plan odpustu w Hy\u017cnym wywieszony na tablicy og\u0142osze\u0144. Zapraszam wszystkich parafian.<\/li>\n<li>Dzi\u015b w Rzymie kanonizacja dw\u00f3ch m\u0142odych b\u0142ogos\u0142awionych Piotra Jerzego Frasatiego i Carlo Acutisa.\u00a0 W Tallinnie 6 wrze\u015bnia og\u0142oszony zosta\u0142 b\u0142ogos\u0142awionym s\u0142uga Bo\u017cy Eduarda Profittlicha pierwszy biskup Estonii.<\/li>\n<li>Bardzo dzi\u0119kuj\u0119, za prace porz\u0105dkowe na cmentarzu. Prace porz\u0105dkowe w ko\u015bciele.<\/li>\n<li>W tym tygodniu:<br \/>\n&#8211; w poniedzia\u0142ek(8)\u00a0 \u015awi\u0119to Narodzenia NMP Msza \u015bw. o7:00 i 18:00. B\u0142ogos\u0142awie\u0144stwo ziarna pod zasiew.<br \/>\n&#8211; we wtorek po Mszy \u015bw. wieczornej spotkanie grupy modlitewno \u2013 biblijnej.<br \/>\n&#8211; w \u015brod\u0119 cotygodniowa nowenna do Niepokalanego Serca NMP po Mszy \u015bw. Spotkanie formacyjne dla kl. VIII z rodzicami.<br \/>\n&#8211; w czwartek po Mszy \u015bw. zbi\u00f3rka dla ministrant\u00f3w i lektor\u00f3w i kandydat\u00f3w na ministranta z ceremoniarzem.<br \/>\n&#8211; w sobot\u0119(13) wsp. obow. \u015bw. Jana Chryzostoma, biskupa. Zapraszam <strong style=\"font-size: 1rem;\">parafian od nr 100 do 141 w celu prac porz\u0105dkowych na cmentarzu.\u00a0 <\/strong><\/li>\n<li>\u00a020.wrze\u015bnia wyje\u017cd\u017camy do Zamo\u015bcia i Radecznicy sanktuarium \u015bw. Antoniego. Zapisy u Pana J\u00f3zefa. Zapraszam.<\/li>\n<li><span style=\"color: #008000;\">Pielgrzymka R\u00f3\u017c \u017bywego R\u00f3\u017ca\u0144ca do Kalwarii Pac\u0142awskiej 27.09.2025 r. (sobota)<\/span><br \/>\n<span style=\"color: #800000;\"><strong style=\"font-size: 1rem;\">Has\u0142o Pielgrzymki: R\u00f3\u017ca\u0144cowi pielgrzymi nadziei Rok Jubileuszowy 2025<\/strong><\/span><span style=\"font-size: 1rem;\">. Zapisy u Pani El\u017cbiety Pa\u015bciak prze\u0142o\u017conej r\u00f3\u017c w parafii. <\/span><\/li>\n<li>Na stolikach wy\u0142o\u017cony jest <strong>plan Misji Parafialnych<\/strong> prosz\u0119 wzi\u0105\u0107 jeden na rodzin\u0105.<\/li>\n<li>Wszystkim solenizantkom i solenizantom, jubilatom, kt\u00f3rzy \u015bwi\u0119tuj\u0105 swoje imieniny lub jubileusze w rozpoczynaj\u0105cym si\u0119 tygodniu \u017cycz\u0119 b\u0142. Bo\u017cego i opieki Niepokalanego Serca N.M.P<\/li>\n<li>Dzi\u0119kuj\u0119 grupom za posprz\u0105tanie ko\u015bcio\u0142a po remontach nag\u0142o\u015bnienia i za wykoszenie trawy oraz ofiar\u0119 na kwiaty 240 z\u0142., o nowy dy\u017cur prosz\u0119: Mari\u0119 Ha\u0142dys, Ann\u0119 Inglot, Wies\u0142awa Inglota, Mari\u0119 Wr\u00f3bel, R\u00f3\u017c\u0119 Wr\u00f3bel.<\/li>\n<li>Przypominam o tygodniku Niedziela i Go\u015bcia Niedzielnego zach\u0119cam do jego nabycia.<\/li>\n<\/ol>\n<p>Intencje Mszalne i og\u0142oszenia jak zwykle\u2026<\/p>\n<p><strong>Wszystkim \u017cycz\u0119 b\u0142ogos\u0142awionej Niedzieli i ca\u0142ego tygodnia<\/strong><br \/>\n<strong>Ks. Robert \u015awitalski<\/p>\n<p><\/strong><span style=\"color: #800000;\"><strong>Intencje modlitewne dla R\u00f3\u017c R\u00f3\u017ca\u0144cowych na wrzesie\u0144:<br \/>\n<\/strong><\/span><strong>Og\u00f3lna:<\/strong> Aby\u015bmy natchnieni przez \u015awi\u0119tego Franciszka, do\u015bwiadczyli wzajemnej\u00a0wi\u0119zi ze wszystkimi stworzeniami, kochanymi przez Boga i godnymi szacunku.<br \/>\n<strong>Diecezjalna: <\/strong>Za dzieci i m\u0142odzie\u017c, ich rodzic\u00f3w, opiekun\u00f3w, wychowawc\u00f3w, nauczycieli i katechet\u00f3w o b\u0142ogos\u0142awie\u0144stwo Bo\u017ce w nauce, w wychowaniu oraz o \u0142ask\u0119 pog\u0142\u0119bienia \u017cycia wiary.<br \/>\n<strong>Parafialna: <\/strong><span style=\"color: #ff0000;\"><strong>o dobry i liczny udzia\u0142 w tegorocznych misjach parafialnych<\/strong><\/span>.<\/p>\n<p><strong>OG\u0141OSZENIE<br \/>\n<\/strong><strong>TRZECIA RATA<\/strong> PODATKU ROLNEGO I OD NIERUCHOMO\u015aCI, B\u0118DZIE ZBIERANA W DNIU <strong>13 WRZE\u015aNIA (SOBOTA) od godz. 8:00 \u2013 15:00\u00a0<\/strong><strong>i 15 WRZE\u015aNIA (PONIEDZIA\u0141EK) od godz. 8:00 &#8211; 12:30<\/strong> W DY\u017bURCE OSP DYL\u0104G\u00d3WKA SO\u0141TYS WSI DYL\u0104G\u00d3WKA<\/p>\n ","protected":false},"excerpt":{"rendered":"<p>Dzi\u015b I niedziela miesi\u0105ca adoracja NS w ramach Mszy \u015bw. taca na WSD w Przemy\u015blu. Zmiana tajemnic r\u00f3\u017ca\u0144cowych o 7:30.&hellip;<\/p>\n","protected":false},"author":2,"featured_media":0,"comment_status":"closed","ping_status":"open","sticky":true,"template":"","format":"standard","meta":{"footnotes":""},"categories":[1],"tags":[],"class_list":["post-3289","post","type-post","status-publish","format-standard","hentry","category-bez-kategorii"],"_links":{"self":[{"href":"https:\/\/dylagowka.przemyska.pl\/index.php\/wp-json\/wp\/v2\/posts\/3289","targetHints":{"allow":["GET"]}}],"collection":[{"href":"https:\/\/dylagowka.przemyska.pl\/index.php\/wp-json\/wp\/v2\/posts"}],"about":[{"href":"https:\/\/dylagowka.przemyska.pl\/index.php\/wp-json\/wp\/v2\/types\/post"}],"author":[{"embeddable":true,"href":"https:\/\/dylagowka.przemyska.pl\/index.php\/wp-json\/wp\/v2\/users\/2"}],"replies":[{"embeddable":true,"href":"https:\/\/dylagowka.przemyska.pl\/index.php\/wp-json\/wp\/v2\/comments?post=3289"}],"version-history":[{"count":0,"href":"https:\/\/dylagowka.przemyska.pl\/index.php\/wp-json\/wp\/v2\/posts\/3289\/revisions"}],"wp:attachment":[{"href":"https:\/\/dylagowka.przemyska.pl\/index.php\/wp-json\/wp\/v2\/media?parent=3289"}],"wp:term":[{"taxonomy":"category","embeddable":true,"href":"https:\/\/dylagowka.przemyska.pl\/index.php\/wp-json\/wp\/v2\/categories?post=3289"},{"taxonomy":"post_tag","embeddable":true,"href":"https:\/\/dylagowka.przemyska.pl\/index.php\/wp-json\/wp\/v2\/tags?post=3289"}],"curies":[{"name":"wp","href":"https:\/\/api.w.org\/{rel}","templated":true}]}}