{"id":3296,"date":"2025-09-15T17:34:07","date_gmt":"2025-09-15T15:34:07","guid":{"rendered":"https:\/\/dylagowka.przemyska.pl\/?p=3296"},"modified":"2025-09-15T17:34:30","modified_gmt":"2025-09-15T15:34:30","slug":"swieto-podwyzszenia-krzyza-sw-14-09-2025","status":"publish","type":"post","link":"https:\/\/dylagowka.przemyska.pl\/index.php\/2025\/09\/15\/swieto-podwyzszenia-krzyza-sw-14-09-2025\/","title":{"rendered":"\u015awi\u0119to Podwy\u017cszenia Krzy\u017ca \u015bw. 14.09.2025"},"content":{"rendered":"<ol>\n<li>Dzi\u0119kuj\u0119 wszystkim parafianom, kt\u00f3rzy wzi\u0119li udzia\u0142 w pieszej pielgrzymce do sanktuarium M.B. \u0141askawej w Hy\u017cnem.<\/li>\n<li>Bardzo dzi\u0119kuj\u0119, za ofiary na remont ko\u015bcio\u0142a i wp\u0142aty na konto.<\/li>\n<li>W tym tygodniu:<br \/>\n&#8211; w poniedzia\u0142ek(15) wsp. obw. Matki Bo\u017cej Bolesnej Msza odpustowa Grzegorz\u00f3wce \u2013 W\u00f3lce o godz. 11:00.<br \/>\n&#8211; we wtorek(16) \u015bwi\u0119tych m\u0119czennik\u00f3w Korneliusza, papie\u017ca, i Cypriana, biskupa.<br \/>\n&#8211; w \u015brod\u0119, cotygodniowa nowenna do Niepokalanego Serca NMP po Mszy \u015bw. wieczornej.<br \/>\n&#8211; w czwartek(18) \u015awi\u0119to \u015bw. Stanis\u0142awa Kostki, zakonnika, patrona Polski oraz m\u0142odzie\u017cy. <strong><span style=\"color: #993300;\">Po Mszy \u015bw. pierwsze spotkanie dla rodzic\u00f3w z klasy III z dzie\u0107mi<\/span><\/strong>.<br \/>\n&#8211; w pi\u0105tek od godziny 17:00 Adoracja NS zako\u0144czona Koronk\u0105 do Mi\u0142osierdzia Bo\u017cego, nast\u0119pie Eucharystia.<br \/>\n&#8211; w sobot\u0119(20)wsp. obow. \u015bwi\u0119tych m\u0119czennik\u00f3w Andrzeja Kim Taego, prezbitera, Paw\u0142a Chong Hasang i Towarzyszy.<\/li>\n<li>W tym tygodniu przypadaj\u0105 Kwartalne Dni Modlitw za dzieci i m\u0142odzie\u017c i wychowawc\u00f3w(Suche Dni Jesienne).<\/li>\n<li><span style=\"color: #ff0000;\"><strong>W sobot\u0119(20) o 6:00 rano wyje\u017cd\u017camy do Zamo\u015bcia i Radecznicy sanktuarium \u015bw. Antoniego. Z pod Groty MB i zajezdni autobusowej w Dyl\u0105g\u00f3wce.<\/strong><\/span> Cena 100 z\u0142.<\/li>\n<li>Dzi\u0119kuj\u0119 grupie sprz\u0105taj\u0105cej za przygotowanie ko\u015bcio\u0142a na dzisiejsz\u0105 liturgi\u0119 oraz ofiar\u0119 na kwiaty <strong>210<\/strong> z\u0142. O nowy dy\u017cur prosz\u0119: Krystyn\u0119 Jasi\u0144sk\u0105, Witolda Du\u0107, Bo\u017cen\u0119 Marcinek, Ma\u0142gorzat\u0119 Trzyna, Marlen\u0119 Sopata.<\/li>\n<li>Zach\u0119cam do czytania tygodniku Niedziela i Go\u015bcia Niedzielnego.<\/li>\n<li>Wszystkim solenizantkom i solenizantom, jubilatom, kt\u00f3rzy \u015bwi\u0119tuj\u0105 swoje imieniny lub jubileusze w rozpoczynaj\u0105cym si\u0119 tygodniu \u017cycz\u0119 b\u0142. Bo\u017cego i opieki Niepokalanego Serca N.M.P.<\/li>\n<li><strong><span style=\"color: #008000;\">Pielgrzymka R\u00f3\u017c \u017bywego R\u00f3\u017ca\u0144ca do Kalwarii Pac\u0142awskiej 27.09.2025 r. (sobota)<br \/>\n<\/span><\/strong><span style=\"color: #800000;\"><strong style=\"font-size: 1rem;\">Has\u0142o Pielgrzymki: R\u00f3\u017ca\u0144cowi pielgrzymi nadziei Rok Jubileuszowy 2025<\/strong><\/span><span style=\"font-size: 1rem;\">. Zapisy u Pani El\u017cbiety Pa\u015bciak prze\u0142o\u017conej r\u00f3\u017c w parafii.\u00a0<\/span><\/li>\n<li>W przysz\u0142a niedziel\u0119(21) rozpoczynamy Misje parafialne.<br \/>\n<span style=\"color: #0000ff;\"><strong style=\"font-size: 1rem;\">o 7:30 Msza \u015bw. z nauk\u0105 misyjn\u0105<br \/>\n<\/strong><strong style=\"font-size: 1rem;\">o 10:30 Msza \u015bw. z nauk\u0105 misyjn\u0105<br \/>\n<\/strong><strong style=\"font-size: 1rem;\">o 15:00 Msza \u015bw. z nauk\u0105 misyjn\u0105<br \/>\n<\/strong><strong style=\"font-size: 1rem;\">o 16:00 nauka misyjna dla m\u0142odzie\u017cy( szko\u0142a \u015brednia, studenci, pracuj\u0105ca i 8 klasa)<\/strong><\/span><span style=\"font-size: 1rem;\"><span style=\"color: #0000ff;\">.<\/span><br \/>\n<\/span>Plan Misji parafialnych jest wy\u0142o\u017cony na stolikach w przedsionkach ko\u015bcio\u0142a.<\/li>\n<li>Intencje Mszalne i og\u0142oszenia jak zwykle\u2026\n<p><strong>Wszystkim \u017cycz\u0119 b\u0142ogos\u0142awionej Niedzieli i ca\u0142ego tygodnia<\/strong><br \/>\n<strong>Ks. Robert \u015awitalski<\/strong><\/li>\n<\/ol>\n ","protected":false},"excerpt":{"rendered":"<p>Dzi\u0119kuj\u0119 wszystkim parafianom, kt\u00f3rzy wzi\u0119li udzia\u0142 w pieszej pielgrzymce do sanktuarium M.B. \u0141askawej w Hy\u017cnem. Bardzo dzi\u0119kuj\u0119, za ofiary na&hellip;<\/p>\n","protected":false},"author":2,"featured_media":0,"comment_status":"closed","ping_status":"open","sticky":true,"template":"","format":"standard","meta":{"footnotes":""},"categories":[1],"tags":[],"class_list":["post-3296","post","type-post","status-publish","format-standard","hentry","category-bez-kategorii"],"_links":{"self":[{"href":"https:\/\/dylagowka.przemyska.pl\/index.php\/wp-json\/wp\/v2\/posts\/3296","targetHints":{"allow":["GET"]}}],"collection":[{"href":"https:\/\/dylagowka.przemyska.pl\/index.php\/wp-json\/wp\/v2\/posts"}],"about":[{"href":"https:\/\/dylagowka.przemyska.pl\/index.php\/wp-json\/wp\/v2\/types\/post"}],"author":[{"embeddable":true,"href":"https:\/\/dylagowka.przemyska.pl\/index.php\/wp-json\/wp\/v2\/users\/2"}],"replies":[{"embeddable":true,"href":"https:\/\/dylagowka.przemyska.pl\/index.php\/wp-json\/wp\/v2\/comments?post=3296"}],"version-history":[{"count":0,"href":"https:\/\/dylagowka.przemyska.pl\/index.php\/wp-json\/wp\/v2\/posts\/3296\/revisions"}],"wp:attachment":[{"href":"https:\/\/dylagowka.przemyska.pl\/index.php\/wp-json\/wp\/v2\/media?parent=3296"}],"wp:term":[{"taxonomy":"category","embeddable":true,"href":"https:\/\/dylagowka.przemyska.pl\/index.php\/wp-json\/wp\/v2\/categories?post=3296"},{"taxonomy":"post_tag","embeddable":true,"href":"https:\/\/dylagowka.przemyska.pl\/index.php\/wp-json\/wp\/v2\/tags?post=3296"}],"curies":[{"name":"wp","href":"https:\/\/api.w.org\/{rel}","templated":true}]}}