{"id":3336,"date":"2025-10-25T23:46:49","date_gmt":"2025-10-25T21:46:49","guid":{"rendered":"https:\/\/dylagowka.przemyska.pl\/?p=3336"},"modified":"2025-10-26T09:27:35","modified_gmt":"2025-10-26T08:27:35","slug":"xxx-niedziela-zwykla-26-10-2025","status":"publish","type":"post","link":"https:\/\/dylagowka.przemyska.pl\/index.php\/2025\/10\/25\/xxx-niedziela-zwykla-26-10-2025\/","title":{"rendered":"XXX Niedziela zwyk\u0142a 26.10.2025"},"content":{"rendered":"<ol>\n<li>Dzi\u015b m\u0142odzie\u017c z parafii w przedsionku ko\u015bcio\u0142a od strony dzwonnicy rozprowadza znicze, wk\u0142ady, zapa\u0142ki potrzebne na cmentarz. <span style=\"color: #0000ff;\"><strong>B\u0119dzie te\u017c rozprowadza\u0107 znicze w 1 i 2 listopada<\/strong><\/span>. W ci\u0105gu tygodnia b\u0119dzie sta\u0142a tam puszka ofiara za znicze. Wesprzyjmy ich formacj\u0119 chrze\u015bcija\u0144sk\u0105. Taca dzi\u015b na misje katolickie.<\/li>\n<li>Dzi\u0119kuj\u0119 za obecno\u015b\u0107 na wprowadzeniu relikwii \u015bw. Rity z Cascii.<\/li>\n<li>R\u00f3wnie\u017c dzi\u0119kuj\u0119 za ofiary na remont ko\u015bcio\u0142a i ogrzewanie oraz wp\u0142aty na konto z trzeciej niedzieli.<\/li>\n<li>W tym tygodniu:<br \/>\n&#8211; we wtorek(28) \u015awi\u0119to \u015awi\u0119tych Aposto\u0142\u00f3w Szymona i Judy Tadeusza. Dzie\u0144 imienin ks. kan. Tadeusza, kt\u00f3ry mieszka u nas w parafii. Ofiarujmy mu swoj\u0105 modlitw\u0119.<br \/>\n&#8211; <span style=\"color: #993300;\">w \u015brod\u0119 zapraszam klas\u0119 VI z rodzicami przynosimy deklaracje do sakramenty bierzmowania. Spotkanie R\u00f3\u017cy M.B. z Guadalupe po nabo\u017ce\u0144stwie<\/span>.<\/li>\n<li>W pi\u0105tek(31) <strong>zako\u0144czenie nabo\u017ce\u0144stw r\u00f3\u017ca\u0144cowych<\/strong>, i wr\u0119czenie skromnych nagr\u00f3d dzieciom za obecno\u015b\u0107 r\u00f3\u017ca\u0144cu w ko\u015bciele. To dzie\u0144 wigilii Wszystkich \u015awi\u0119tych. Pragn\u0119 zaprosi\u0107, aby dzieci przysz\u0142y przebrane za \u015bwi\u0119tych i b\u0142ogos\u0142awionych na ostatni r\u00f3\u017caniec parafialny. <strong><span style=\"color: #0000ff;\">Spotkanie KSM-u<\/span><\/strong>.<\/li>\n<li>W sobot\u0119(1) Uroczysto\u015b\u0107 Wszystkich \u015awi\u0119tych. <span style=\"color: #ff0000;\"><strong>Msze \u015bw. dzi\u015b o 7:30 i 10:30<\/strong><\/span>. Po sumie procesja na cmentarz. <span style=\"color: #ff0000;\"><strong>Spowied\u017a przez ca\u0142y tydzie\u0144 przed Msz\u0105 si\u0119<\/strong><\/span>.<\/li>\n<li>W niedziel\u0119 (2) <span style=\"color: #800080;\"><strong>Dzie\u0144 Zaduszany, porz\u0105dek Mszy \u015bw. tak jak zawsze o 7:30, 10:30 i 15:00<\/strong><\/span>.<\/li>\n<li>Wystawione s\u0105 kartki na wypominki, mo\u017cna na nich wpisa\u0107 dat\u0119, kiedy maj\u0105 by\u0107 wypomniani nasi zmarli. Wypominki mo\u017cna z\u0142o\u017cy\u0107 na tac\u0119 lub do skrzynki w ko\u015bciele.<\/li>\n<li>W Uroczysto\u015b\u0107 Wszystkich \u015awi\u0119tych oraz Dzie\u0144 Zaduszny wierni mog\u0105 zyska\u0107 odpust zupe\u0142ny pod zwyk\u0142ymi warunkami, kt\u00f3ry mo\u017ce by\u0107 ofiarowany za zmar\u0142ych, za pobo\u017cne nawiedzenie ko\u015bcio\u0142a lub kaplicy oraz odm\u00f3wienie tam Ojcze nasz, Wierz\u0119 w Boga oraz jakiejkolwiek modlitwy w intencjach Ojca \u015awi\u0119tego. W listopadzie mo\u017cna codziennie zyskiwa\u0107 odpusty za zmar\u0142ych, nawiedzaj\u0105c pobo\u017cnie cmentarz, gdzie nale\u017cy odm\u00f3wi\u0107 <em style=\"font-size: 1rem;\">Ojcze nasz, Wierz\u0119 w Boga oraz dowoln\u0105 modlitw\u0119 za zamar\u0142ych i modlitw\u0119 w intencjach wyznaczonych przez Ojca \u015awi\u0119tego<\/em><span style=\"font-size: 1rem;\">. W dniach od 1 do 8 XI odpust jest zupe\u0142ny, za\u015b w pozosta\u0142ych dniach odpust cz\u0105stkowy.\u00a0<\/span><\/li>\n<li>W tym tygodniu pierwszy sobota miesi\u0105ca listopada.<audio class=\"wp-audio-shortcode\" id=\"audio-3336-1\" preload=\"none\" style=\"width: 100%;\" controls=\"controls\"><source type=\"audio\/mpeg\" src=\"https:\/\/dylagowka.przemyska.pl\/wp-content\/uploads\/2025\/10\/011_25Ukrzyzowanie_Jezusa.mp3?_=1\" \/><a href=\"https:\/\/dylagowka.przemyska.pl\/wp-content\/uploads\/2025\/10\/011_25Ukrzyzowanie_Jezusa.mp3\">https:\/\/dylagowka.przemyska.pl\/wp-content\/uploads\/2025\/10\/011_25Ukrzyzowanie_Jezusa.mp3<\/a><\/audio><\/li>\n<li>Za tydzie\u0144 I niedziela miesi\u0105ca. O 7: 30 zmiana tajemnic r\u00f3\u017ca\u0144cowych.<\/li>\n<li>Dzi\u0119kuj\u0119 grupie sprz\u0105taj\u0105cej za przygotowanie ko\u015bcio\u0142a na dzisiejsz\u0105 liturgi\u0119 oraz ofiar\u0119 na kwiaty <strong>210<\/strong> z\u0142. O nowy dy\u017cur prosz\u0119: Zofi\u0119 Pietras, Magdalen\u0119 Pa\u0142ac, Agnieszk\u0119 Pa\u0142ac, Janin\u0119 Pa\u0142ac, Ann\u0119 Mazur.<\/li>\n<li>Wszystkim solenizantkom i solenizantom, jubilatom, kt\u00f3rzy \u015bwi\u0119tuj\u0105 swoje imieniny lub jubileusze w rozpoczynaj\u0105cym si\u0119 tygodniu \u017cycz\u0119 b\u0142. Bo\u017cego i opieki Niepokalanego Serca N.M.P.<\/li>\n<li>Intencje Mszalne i og\u0142oszenia jak zwykle\u2026<\/li>\n<li>Zach\u0119cam do czytania tygodniku Niedziela i Go\u015bcia Niedzielnego.<\/li>\n<li><span style=\"color: #800000;\">Z ostatniego liczenia wiernych w parafii na wszystkich Mszach by\u0142o 396 parafian to si\u0119 przek\u0142ada na 40% ca\u0142ej parafii, Komuni\u0119 \u015aw. przyj\u0119\u0142o 100<\/span>.Wszystkim \u017cycz\u0119 b\u0142ogos\u0142awionej Niedzieli i ca\u0142ego tygodnia<br \/>\nKs. Robert \u015awitalski<\/li>\n<\/ol>\n ","protected":false},"excerpt":{"rendered":"<p>Dzi\u015b m\u0142odzie\u017c z parafii w przedsionku ko\u015bcio\u0142a od strony dzwonnicy rozprowadza znicze, wk\u0142ady, zapa\u0142ki potrzebne na cmentarz. B\u0119dzie te\u017c rozprowadza\u0107&hellip;<\/p>\n","protected":false},"author":2,"featured_media":0,"comment_status":"closed","ping_status":"open","sticky":true,"template":"","format":"standard","meta":{"footnotes":""},"categories":[1],"tags":[],"class_list":["post-3336","post","type-post","status-publish","format-standard","hentry","category-bez-kategorii"],"_links":{"self":[{"href":"https:\/\/dylagowka.przemyska.pl\/index.php\/wp-json\/wp\/v2\/posts\/3336","targetHints":{"allow":["GET"]}}],"collection":[{"href":"https:\/\/dylagowka.przemyska.pl\/index.php\/wp-json\/wp\/v2\/posts"}],"about":[{"href":"https:\/\/dylagowka.przemyska.pl\/index.php\/wp-json\/wp\/v2\/types\/post"}],"author":[{"embeddable":true,"href":"https:\/\/dylagowka.przemyska.pl\/index.php\/wp-json\/wp\/v2\/users\/2"}],"replies":[{"embeddable":true,"href":"https:\/\/dylagowka.przemyska.pl\/index.php\/wp-json\/wp\/v2\/comments?post=3336"}],"version-history":[{"count":0,"href":"https:\/\/dylagowka.przemyska.pl\/index.php\/wp-json\/wp\/v2\/posts\/3336\/revisions"}],"wp:attachment":[{"href":"https:\/\/dylagowka.przemyska.pl\/index.php\/wp-json\/wp\/v2\/media?parent=3336"}],"wp:term":[{"taxonomy":"category","embeddable":true,"href":"https:\/\/dylagowka.przemyska.pl\/index.php\/wp-json\/wp\/v2\/categories?post=3336"},{"taxonomy":"post_tag","embeddable":true,"href":"https:\/\/dylagowka.przemyska.pl\/index.php\/wp-json\/wp\/v2\/tags?post=3336"}],"curies":[{"name":"wp","href":"https:\/\/api.w.org\/{rel}","templated":true}]}}