{"id":3346,"date":"2025-11-01T23:07:29","date_gmt":"2025-11-01T22:07:29","guid":{"rendered":"https:\/\/dylagowka.przemyska.pl\/?p=3346"},"modified":"2025-11-01T23:07:30","modified_gmt":"2025-11-01T22:07:30","slug":"niedziela","status":"publish","type":"post","link":"https:\/\/dylagowka.przemyska.pl\/index.php\/2025\/11\/01\/niedziela\/","title":{"rendered":"Niedziela"},"content":{"rendered":"\n<p><strong>Wspomnienie wszystkich wiernych zmar\u0142ych &nbsp;2.11.2025<\/strong><\/p>\n\n\n<ol>\n<li>Dzi\u015b <span style=\"color: #800080;\"><strong>Dzie\u0144 Zaduszany, porz\u0105dek Mszy \u015bw. jak w niedziel\u0119 o 7:30, 10:30 i 15:00<\/strong><\/span>. Jednocze\u015bnie I niedziela listopada po prymarii o 7:30 zmiana tajemnic. Taca na potrzeby archidiecezji. <span style=\"color: #800080;\"><strong style=\"font-size: 1rem;\">Wypominki po Mszy \u015bw. o 15:00<\/strong><\/span><span style=\"font-size: 1rem;\">.\u00a0<\/span><\/li>\n<li>Bardzo dzi\u0119kuj\u0119 rodzicom za przygotowanie stroj\u00f3w \u015bwi\u0119tych i b\u0142ogos\u0142awionych dla swoich dzieci. Dzi\u0119kuj\u0119 anonimowemu ofiarodawcy za ofiar\u0119 na nagrody dla dzieci na koniec pa\u017adziernika. Dzi\u0119kuj\u0119 za ofiary na remont ko\u015bcio\u0142a i wp\u0142aty na konto. Dzi\u0119kuj\u0119 za ofiary na ogrzewanie ko\u015bcio\u0142a.\u00a0<\/li>\n<li>Wystawione s\u0105 kartki na wypominki, mo\u017cna z\u0142o\u017cy\u0107 na tac\u0119 lub do skrzynki w ko\u015bciele. <span style=\"color: #800080;\"><strong>Wypominki w tygodniu po Mszy \u015bw. wieczornej<\/strong><\/span>.\u00a0<\/li>\n<li>W tym tygodniu:<br \/>&#8211; we wtorek(4) wsp. obow. \u015bw. Karola Boromeusza, biskupa<span style=\"font-size: 1rem;\">. Spotkanie grupy modlitewno \u2013 biblijnej po wypominkach.<br \/><\/span>&#8211; w \u015brod\u0119; wieczorem nowenna do Niepokalanego Serca NM po\u0142\u0105czona z wypominkami. Zapraszam klas\u0119 VIII na spotkanie z indeksami i pami\u0119tnikiem bierzmowanego.<br \/>&#8211; w czwartek (6) pierwszy czwartek listopada. <span style=\"color: #800000;\"><strong>Godzina \u015bwi\u0119ta do 19:30<\/strong><\/span>. <br \/><em style=\"font-size: 1rem;\">&#8211; <\/em><span style=\"color: #0000ff;\"><strong>w pi\u0105tek odwiedz\u0119 chorych w domach od godz. 8:30<\/strong><\/span>. Spowied\u017a od godziny 16:00.<br \/>&#8211; w niedziel\u0119(9) \u015awi\u0119to rocznica po\u015bwi\u0119cenia Bazyliki Latera\u0144skiej.\u00a0<\/li>\n<li><span style=\"color: #993300;\"><strong>Za tydzie\u0144 Msza \u015bw. dla dzieci o 10:30<\/strong><\/span><em>.\u00a0<\/em><\/li>\n<li>Dzi\u0119kuj\u0119 grupie sprz\u0105taj\u0105cej za przygotowanie ko\u015bcio\u0142a na dzisiejsz\u0105 liturgi\u0119 oraz ofiar\u0119 na kwiaty <strong>200<\/strong> z\u0142. O nowy dy\u017cur prosz\u0119: Alicj\u0119 Chohura, Agnieszk\u0119 Ro\u017cek, Dorot\u0119 Brzejszcz, Renat\u0119 Ro\u017cek, Iren\u0119 Antos.\u00a0<\/li>\n<li>W dniach od 1 do 8 XI odpust jest zupe\u0142ny, za\u015b w pozosta\u0142ych dniach odpust cz\u0105stkowy.\u00a0<\/li>\n<li>Wszystkim solenizantkom i solenizantom, jubilatom, kt\u00f3rzy \u015bwi\u0119tuj\u0105 swoje imieniny lub jubileusze w rozpoczynaj\u0105cym si\u0119 tygodniu \u017cycz\u0119 b\u0142. Bo\u017cego i opieki Niepokalanego Serca N.M.P.\u00a0<\/li>\n<li><span style=\"color: #008000;\">Wyjazd na forum charyzmatyczne do Krosna w sobot\u0119(8)<\/span> o godz. <span style=\"color: #993300;\"><strong>8:15 z pod ko\u015bcio\u0142a w Dyl\u0105g\u00f3wce<\/strong><\/span><em>.\u00a0<\/em><\/li>\n<li>Wszystkim solenizantkom i solenizantom, jubilatom, kt\u00f3rzy \u015bwi\u0119tuj\u0105 swoje imieniny lub jubileusze w rozpoczynaj\u0105cym si\u0119 tygodniu \u017cycz\u0119 b\u0142. Bo\u017cego i opieki Niepokalanego Serca N.M.P.\u00a0<\/li>\n<li>Zach\u0119cam do czytania tygodniku Niedziela i Go\u015bcia Niedzielnego.\u00a0<\/li>\n<li>Intencje Mszalne i og\u0142oszenia jak zwykle\u2026<br \/>\n<p>Wszystkim \u017cycz\u0119 b\u0142ogos\u0142awionej Niedzieli i ca\u0142ego tygodnia<br \/>Ks. Robert \u015awitalski<br \/><br \/><\/p>\n<p><strong><span style=\"color: #800000;\">Intencje modlitewne dla R\u00f3\u017c \u017bywego R\u00f3\u017ca\u0144ca na listopad:<\/span> <br \/><\/strong><strong>Og\u00f3lna:<\/strong> Aby osoby, kt\u00f3re pr\u00f3bowa\u0142y pope\u0142ni\u0107 samob\u00f3jstwo, znalaz\u0142y wsparcie, pomoc i mi\u0142o\u015b\u0107, kt\u00f3rych potrzebuj\u0105, aby w swojej spo\u0142eczno\u015bci otworzy\u0107 si\u0119 na\u00a0pi\u0119kno \u017cycia.<br \/><strong>Diecezjalna:<\/strong> Aby nasi bliscy zmarli radowali si\u0119 \u017cyciem wiecznym obiecanym na\u00a0chrzcie \u015bwi\u0119tym.\u00a0<\/p>\n<\/li>\n<\/ol> ","protected":false},"excerpt":{"rendered":"<p>Wspomnienie wszystkich wiernych zmar\u0142ych &nbsp;2.11.2025 Dzi\u015b Dzie\u0144 Zaduszany, porz\u0105dek Mszy \u015bw. jak w niedziel\u0119 o 7:30, 10:30 i 15:00. Jednocze\u015bnie&hellip;<\/p>\n","protected":false},"author":2,"featured_media":0,"comment_status":"closed","ping_status":"open","sticky":true,"template":"","format":"standard","meta":{"footnotes":""},"categories":[1],"tags":[],"class_list":["post-3346","post","type-post","status-publish","format-standard","hentry","category-bez-kategorii"],"_links":{"self":[{"href":"https:\/\/dylagowka.przemyska.pl\/index.php\/wp-json\/wp\/v2\/posts\/3346","targetHints":{"allow":["GET"]}}],"collection":[{"href":"https:\/\/dylagowka.przemyska.pl\/index.php\/wp-json\/wp\/v2\/posts"}],"about":[{"href":"https:\/\/dylagowka.przemyska.pl\/index.php\/wp-json\/wp\/v2\/types\/post"}],"author":[{"embeddable":true,"href":"https:\/\/dylagowka.przemyska.pl\/index.php\/wp-json\/wp\/v2\/users\/2"}],"replies":[{"embeddable":true,"href":"https:\/\/dylagowka.przemyska.pl\/index.php\/wp-json\/wp\/v2\/comments?post=3346"}],"version-history":[{"count":0,"href":"https:\/\/dylagowka.przemyska.pl\/index.php\/wp-json\/wp\/v2\/posts\/3346\/revisions"}],"wp:attachment":[{"href":"https:\/\/dylagowka.przemyska.pl\/index.php\/wp-json\/wp\/v2\/media?parent=3346"}],"wp:term":[{"taxonomy":"category","embeddable":true,"href":"https:\/\/dylagowka.przemyska.pl\/index.php\/wp-json\/wp\/v2\/categories?post=3346"},{"taxonomy":"post_tag","embeddable":true,"href":"https:\/\/dylagowka.przemyska.pl\/index.php\/wp-json\/wp\/v2\/tags?post=3346"}],"curies":[{"name":"wp","href":"https:\/\/api.w.org\/{rel}","templated":true}]}}